{"id":185763,"date":"2019-07-07T15:00:54","date_gmt":"2019-07-07T12:00:54","guid":{"rendered":"http:\/\/sana.sy\/tr\/?p=185763"},"modified":"2019-08-20T14:58:45","modified_gmt":"2019-08-20T11:58:45","slug":"sanayi-ve-ticaret-odalari-uluslararasi-sam-fuarina-katilim-icin-ozel-sektor-ekibi-kuruyor","status":"publish","type":"post","link":"https:\/\/archive.sana.sy\/tr\/?p=185763","title":{"rendered":"Sanayi ve Ticaret Odalar\u0131 Uluslararas\u0131 \u015eam Fuar\u0131na Kat\u0131l\u0131m \u0130\u00e7in \u00d6zel Sekt\u00f6r Ekibi Kuruyor"},"content":{"rendered":"<p style=\"text-align: justify\">\u015eAM &#8211;\u00a0 Suriye Ticaret ve Sanayi Odalar\u0131 Federasyonu, 61. Uluslararas\u0131 \u015eam Fuar\u0131\u2019na kat\u0131l\u0131m\u0131 etkinle\u015ftirmek ve yerli \u00fcr\u00fcn\u00fc en iyi ve en yeni y\u00f6ntemlerle sunmak i\u00e7in \u201c\u00f6zel sekt\u00f6r\u201d ad\u0131 alt\u0131nda ortak bir sekt\u00f6r\u00fcn kuruldu\u011funu ilan etti.<\/p>\n<p style=\"text-align: justify\">Fuara kat\u0131lan \u00f6zel sekt\u00f6r Genel M\u00fcd\u00fcr\u00fc Talal Kalaac\u0131, SANA muhabirine, sanayici ve t\u00fcccarlar\u0131n fuara kat\u0131l\u0131m\u0131n\u0131n ba\u015far\u0131s\u0131 i\u00e7in bu sekt\u00f6r\u00fcn sanayi ile ticaret odalar\u0131 aras\u0131nda koordinasyon ve i\u015fbirli\u011fi i\u00e7in olu\u015fturulmas\u0131n\u0131n \u00f6nemini belirterek, bu kat\u0131l\u0131m\u0131 m\u00fcmk\u00fcn olan en iyi \u015fekilde lanse etmek, Suriye \u00f6zel sekt\u00f6r\u00fcn\u00fcn t\u00fcm bile\u015fenleri aras\u0131ndaki uyumu yans\u0131tmak, fuar\u0131n arzulanan amac\u0131na ula\u015fmas\u0131n\u0131 sa\u011flamak ve Suriye&#8217;den d\u00fcnyaya \u00e7al\u0131\u015fan ve \u00fcreten Suriye mesaj\u0131n\u0131 vermek oldu\u011funu vurgulad\u0131.<\/p>\n<p style=\"text-align: justify\">\u00d6zel sekt\u00f6r i\u00e7in 24 bin metrekarelik alan\u0131n all\u0131nd\u0131\u011f\u0131n\u0131, bunlar\u0131n 25 v2 nolu salonlar, g\u0131da sekt\u00f6r\u00fc i\u00e7in arka saha, 26 salonun m\u00fchendislik ve kimyac\u0131lara, 1 nolu salon ve \u00f6n salonun m\u00fchendislik, tekonoloji ve ileti\u015fim i\u00e7in al\u0131nd\u0131\u011f\u0131n\u0131 buna ek olatrak 2000 metrelik kare \u015feklinde biri tekstil di\u011feri ise dor\u011fudan sat\u0131\u015flar i\u00e7in al\u0131nd\u0131\u011f\u0131n\u0131 ifade etti.<\/p>\n<p style=\"text-align: justify\">61.Uluslararas\u0131 \u015eam Fuar\u0131 &#8220;\u015eam&#8217;dan T\u00fcm D\u00fcnyaya&#8221; \u015fiar\u0131 alt\u0131nda kap\u0131lar\u0131n\u0131 28 A\u011fustos&#8217;ta a\u00e7arken 6 Eyl\u00fcl&#8217;e kadar s\u00fcrecek.<\/p>\n<p>\u00c7eviri: S.\u015eahut<\/p>\n","protected":false},"excerpt":{"rendered":"<p>\u015eAM &#8211;\u00a0 Suriye Ticaret ve Sanayi Odalar\u0131 Federasyonu, 61. Uluslararas\u0131 \u015eam Fuar\u0131\u2019na kat\u0131l\u0131m\u0131 etkinle\u015ftirmek ve yerli \u00fcr\u00fcn\u00fc en iyi ve en yeni y\u00f6ntemlerle sunmak i\u00e7in \u201c\u00f6zel sekt\u00f6r\u201d ad\u0131 alt\u0131nda ortak bir sekt\u00f6r\u00fcn kuruldu\u011funu ilan etti. Fuara kat\u0131lan \u00f6zel sekt\u00f6r Genel M\u00fcd\u00fcr\u00fc Talal Kalaac\u0131, SANA muhabirine, sanayici ve t\u00fcccarlar\u0131n fuara kat\u0131l\u0131m\u0131n\u0131n ba\u015far\u0131s\u0131 i\u00e7in bu sekt\u00f6r\u00fcn sanayi &hellip;<\/p>\n","protected":false},"author":1,"featured_media":185764,"comment_status":"closed","ping_status":"closed","sticky":false,"template":"","format":"standard","meta":{"footnotes":""},"categories":[38173,485,486,17988],"tags":[],"class_list":["post-185763","post","type-post","status-publish","format-standard","has-post-thumbnail","","category-61-uluslararasi-sam-fuari","category-is-ve-sermaye","category-haberler-is-ve-sermaye","category-son-haberler"],"_links":{"self":[{"href":"https:\/\/archive.sana.sy\/tr\/index.php?rest_route=\/wp\/v2\/posts\/185763","targetHints":{"allow":["GET"]}}],"collection":[{"href":"https:\/\/archive.sana.sy\/tr\/index.php?rest_route=\/wp\/v2\/posts"}],"about":[{"href":"https:\/\/archive.sana.sy\/tr\/index.php?rest_route=\/wp\/v2\/types\/post"}],"author":[{"embeddable":true,"href":"https:\/\/archive.sana.sy\/tr\/index.php?rest_route=\/wp\/v2\/users\/1"}],"replies":[{"embeddable":true,"href":"https:\/\/archive.sana.sy\/tr\/index.php?rest_route=%2Fwp%2Fv2%2Fcomments&post=185763"}],"version-history":[{"count":0,"href":"https:\/\/archive.sana.sy\/tr\/index.php?rest_route=\/wp\/v2\/posts\/185763\/revisions"}],"wp:featuredmedia":[{"embeddable":true,"href":"https:\/\/archive.sana.sy\/tr\/index.php?rest_route=\/wp\/v2\/media\/185764"}],"wp:attachment":[{"href":"https:\/\/archive.sana.sy\/tr\/index.php?rest_route=%2Fwp%2Fv2%2Fmedia&parent=185763"}],"wp:term":[{"taxonomy":"category","embeddable":true,"href":"https:\/\/archive.sana.sy\/tr\/index.php?rest_route=%2Fwp%2Fv2%2Fcategories&post=185763"},{"taxonomy":"post_tag","embeddable":true,"href":"https:\/\/archive.sana.sy\/tr\/index.php?rest_route=%2Fwp%2Fv2%2Ftags&post=185763"}],"curies":[{"name":"wp","href":"https:\/\/api.w.org\/{rel}","templated":true}]}}