{"id":185803,"date":"2019-07-08T16:53:30","date_gmt":"2019-07-08T13:53:30","guid":{"rendered":"http:\/\/www.sana.sy\/tr\/?p=185803"},"modified":"2019-07-10T14:24:51","modified_gmt":"2019-07-10T11:24:51","slug":"hasekede-400-bin-hektar-hasat-edildi","status":"publish","type":"post","link":"https:\/\/archive.sana.sy\/tr\/?p=185803","title":{"rendered":"Haseke&#8217;de 400 Bin Hektar Hasat Edildi"},"content":{"rendered":"<p>HASEKE \u2013 Haseke \u0130linde tah\u0131l hasad\u0131 \u00e7al\u0131\u015fmalar\u0131 art\u0131k bitmek \u00fczere oldu\u011fuyla bug\u00fcne kadar ilde 400 bin hektar\u0131n hasat edildi\u011fini kaydedildi.<\/p>\n<p>\u0130l Bitkisel \u00dcretim Departman\u0131 Ba\u015fkan\u0131 Celal Bilal SANA muhabirine hasat edilen bu\u011fday miktarlar\u0131 a\u00e7\u0131klan\u0131rken, sulanan bu\u011fday 125,700 hektar oldu\u011funu ve ya\u011fmur suyu ile sulanan bu\u011fday miktar\u0131n\u0131n 314,600 hektar oldu\u011funu belirtti.<\/p>\n<p>Bilal SANA muhabirine ayr\u0131ca; bu mevsimde yang\u0131nlardan dolay\u0131 toplam 24,500 hektar\u0131n \u00fcretim dairesinden d\u0131\u015farda kald\u0131\u011f\u0131n\u0131 a\u00e7\u0131klad\u0131.<\/p>\n<p>Bilal; Hasekeli \u00e7ift\u00e7ilerinin hasat edilen bu\u011fday\u0131 Suriye Tah\u0131l M\u00fcd\u00fcrl\u00fc\u011f\u00fcne teslim etmeye devam ettiklerine i\u015faret ederken, bug\u00fcne kadar dek Tah\u0131l M\u00fcd\u00fcrl\u00fc\u011f\u00fcne teslim edilen bu\u011fday miktar\u0131n\u0131n 320 bin ton oldu\u011funu belirtti.<\/p>\n<p>\u00c7eviri: P.M.<\/p>\n","protected":false},"excerpt":{"rendered":"<p>HASEKE \u2013 Haseke \u0130linde tah\u0131l hasad\u0131 \u00e7al\u0131\u015fmalar\u0131 art\u0131k bitmek \u00fczere oldu\u011fuyla bug\u00fcne kadar ilde 400 bin hektar\u0131n hasat edildi\u011fini kaydedildi. \u0130l Bitkisel \u00dcretim Departman\u0131 Ba\u015fkan\u0131 Celal Bilal SANA muhabirine hasat edilen bu\u011fday miktarlar\u0131 a\u00e7\u0131klan\u0131rken, sulanan bu\u011fday 125,700 hektar oldu\u011funu ve ya\u011fmur suyu ile sulanan bu\u011fday miktar\u0131n\u0131n 314,600 hektar oldu\u011funu belirtti. Bilal SANA muhabirine ayr\u0131ca; bu &hellip;<\/p>\n","protected":false},"author":1,"featured_media":185805,"comment_status":"closed","ping_status":"closed","sticky":false,"template":"","format":"standard","meta":{"footnotes":""},"categories":[485,486,479,17988,478],"tags":[],"class_list":["post-185803","post","type-post","status-publish","format-standard","has-post-thumbnail","","category-is-ve-sermaye","category-haberler-is-ve-sermaye","category-haberler-yerel","category-son-haberler","category-yerel"],"_links":{"self":[{"href":"https:\/\/archive.sana.sy\/tr\/index.php?rest_route=\/wp\/v2\/posts\/185803","targetHints":{"allow":["GET"]}}],"collection":[{"href":"https:\/\/archive.sana.sy\/tr\/index.php?rest_route=\/wp\/v2\/posts"}],"about":[{"href":"https:\/\/archive.sana.sy\/tr\/index.php?rest_route=\/wp\/v2\/types\/post"}],"author":[{"embeddable":true,"href":"https:\/\/archive.sana.sy\/tr\/index.php?rest_route=\/wp\/v2\/users\/1"}],"replies":[{"embeddable":true,"href":"https:\/\/archive.sana.sy\/tr\/index.php?rest_route=%2Fwp%2Fv2%2Fcomments&post=185803"}],"version-history":[{"count":0,"href":"https:\/\/archive.sana.sy\/tr\/index.php?rest_route=\/wp\/v2\/posts\/185803\/revisions"}],"wp:featuredmedia":[{"embeddable":true,"href":"https:\/\/archive.sana.sy\/tr\/index.php?rest_route=\/wp\/v2\/media\/185805"}],"wp:attachment":[{"href":"https:\/\/archive.sana.sy\/tr\/index.php?rest_route=%2Fwp%2Fv2%2Fmedia&parent=185803"}],"wp:term":[{"taxonomy":"category","embeddable":true,"href":"https:\/\/archive.sana.sy\/tr\/index.php?rest_route=%2Fwp%2Fv2%2Fcategories&post=185803"},{"taxonomy":"post_tag","embeddable":true,"href":"https:\/\/archive.sana.sy\/tr\/index.php?rest_route=%2Fwp%2Fv2%2Ftags&post=185803"}],"curies":[{"name":"wp","href":"https:\/\/api.w.org\/{rel}","templated":true}]}}