{"id":185830,"date":"2019-07-08T22:15:34","date_gmt":"2019-07-08T19:15:34","guid":{"rendered":"http:\/\/www.sana.sy\/tr\/?p=185830"},"modified":"2019-07-10T14:24:44","modified_gmt":"2019-07-10T11:24:44","slug":"calisma-sosyal-gelisme-ve-saglik-hizmetleri-alanlarinda-isbirligini-gelistirmede-suriye-iran-gorusmeleri","status":"publish","type":"post","link":"https:\/\/archive.sana.sy\/tr\/?p=185830","title":{"rendered":"\u00c7al\u0131\u015fma, Sosyal Geli\u015fme ve Sa\u011fl\u0131k Hizmetleri Alanlar\u0131nda \u0130\u015fbirli\u011fini Geli\u015ftirmede Suriye \u0130ran G\u00f6r\u00fc\u015fmeleri"},"content":{"rendered":"<p style=\"text-align: justify;\">TAHRAN &#8211; \u00c7al\u0131\u015fma ve Sosyal \u0130\u015fler Bakan\u0131 Rima Kadiri, \u0130ran \u0130\u015fbirli\u011fi, \u00c7al\u0131\u015fma ve Sosyal Yard\u0131m Bakan\u0131 Mohammad \u015eeriatmadari ile iki \u00fclke aras\u0131nda \u00e7al\u0131\u015fma, sosyal geli\u015fim ve sa\u011fl\u0131k hizmetleri alanlar\u0131nda ortak \u00e7al\u0131\u015fmalar\u0131 geli\u015ftirmenin yollar\u0131n\u0131 g\u00f6r\u00fc\u015ft\u00fc.<\/p>\n<p style=\"text-align: justify;\">Bug\u00fcn Tahran&#8217;da \u015eeriatmadari ile yapt\u0131\u011f\u0131 g\u00f6r\u00fc\u015fmede Kadiri, \u00f6zellikle i\u015fg\u00fcc\u00fc piyasas\u0131 politikas\u0131n\u0131 destekleme ve ba\u015fta k\u00f6y ve k\u0131rsal alanlar\u0131 geli\u015ftirme \u00e7abalar\u0131nda \u00e7e\u015fitli istihdam olanaklar\u0131 sa\u011flama anlam\u0131nda \u00f6zel \u00f6nemi nedeniyle i\u015fin pratik y\u00f6nlerine odaklanma gere\u011fini belirtti.<\/p>\n<p style=\"text-align: justify;\">Kadiri, iki \u00fclke aras\u0131ndaki ili\u015fkilerin geli\u015ftirilmesi, b\u00f6lgesel ve uluslararas\u0131 forum d\u00fczeyinde koordinasyonun geli\u015ftirilmesi, geni\u015f ufuklar a\u00e7an bir i\u015fbirli\u011fi program\u0131n\u0131n \u00f6nemi i\u00e7in pratik bir yol haritas\u0131n\u0131 te\u015fkil edece\u011fini s\u00f6yledi.<\/p>\n<p style=\"text-align: justify;\">G\u00f6r\u00fc\u015fmelerde Kadiri, hem ter\u00f6rle m\u00fccadele hem de onu yenme d\u00fczeyinde iki \u00fclke aras\u0131ndaki ortak i\u015fbirli\u011fi ili\u015fkilerinin olumlu etkilerine ya da Suriye&#8217;de ter\u00f6r\u00fcn y\u0131kt\u0131\u011f\u0131n\u0131 yeniden in\u015fa etmek ve restorasyonu i\u00e7in haz\u0131rl\u0131k yollar\u0131n\u0131n iyile\u015ftirilmesine i\u015faret etti.<\/p>\n<p style=\"text-align: justify;\">Kadiri, iki taraf aras\u0131ndaki ortak i\u015fbirli\u011fi alanlar\u0131nda, \u00f6zellikle i\u015f piyasas\u0131n\u0131n yeniden canland\u0131r\u0131lmas\u0131, k\u0131rsal kalk\u0131nma, sosyal refah ve sosyal g\u00fcvenlik konular\u0131nda \u0130ran taraf\u0131n\u0131n uzmanl\u0131\u011f\u0131ndan yararlanma ihtiyac\u0131na dikkat \u00e7ekti.<\/p>\n<p style=\"text-align: justify;\">Kendi y\u00f6n\u00fcnden \u015eeriatmadari, \u00fclkesinin Suriye \u00c7al\u0131\u015fma ve Sosyal \u0130\u015fler Bakanl\u0131\u011f\u0131 ile \u00e7e\u015fitli alanlarda i\u015fbirli\u011fi yapmaya ve Suriye&#8217;deki baz\u0131 sosyal ve kalk\u0131nma projelerinin yeniden in\u015fas\u0131na katk\u0131da bulunmaya haz\u0131r oldu\u011funu vurgulad\u0131.<\/p>\n<p style=\"text-align: justify;\">Kadiri ayr\u0131ca, \u0130ran&#8217;daki \u0130mam Humeyni Tedarik Komitesi Ba\u015fkan\u0131 Perviz Mir Fettah ile, Komite ile Sosyal \u0130\u015fler ve \u00c7al\u0131\u015fma Bakanl\u0131\u011f\u0131 aras\u0131ndaki k\u0131rsal kalk\u0131nma, sosyal refah ve finansman alanlar\u0131nda i\u015fbirli\u011finin ana alanlar\u0131n\u0131 ele al\u0131rken Mir Fattah, Suriye&#8217;ye gerekli olan t\u00fcm deste\u011fi sa\u011flamaya haz\u0131r oldu\u011funu belirtti.<\/p>\n<p style=\"text-align: justify;\">Her iki taraf, \u00e7al\u0131\u015fma ve sosyal hizmet alanlar\u0131nda fayda sa\u011flayacak \u015fekilde ele al\u0131nan konular\u0131 terc\u00fcme etme konusundaki kararl\u0131l\u0131klar\u0131n\u0131 belirtti.<\/p>\n<p>\u00c7eviri: S.\u015eahut<\/p>\n","protected":false},"excerpt":{"rendered":"<p>TAHRAN &#8211; \u00c7al\u0131\u015fma ve Sosyal \u0130\u015fler Bakan\u0131 Rima Kadiri, \u0130ran \u0130\u015fbirli\u011fi, \u00c7al\u0131\u015fma ve Sosyal Yard\u0131m Bakan\u0131 Mohammad \u015eeriatmadari ile iki \u00fclke aras\u0131nda \u00e7al\u0131\u015fma, sosyal geli\u015fim ve sa\u011fl\u0131k hizmetleri alanlar\u0131nda ortak \u00e7al\u0131\u015fmalar\u0131 geli\u015ftirmenin yollar\u0131n\u0131 g\u00f6r\u00fc\u015ft\u00fc. Bug\u00fcn Tahran&#8217;da \u015eeriatmadari ile yapt\u0131\u011f\u0131 g\u00f6r\u00fc\u015fmede Kadiri, \u00f6zellikle i\u015fg\u00fcc\u00fc piyasas\u0131 politikas\u0131n\u0131 destekleme ve ba\u015fta k\u00f6y ve k\u0131rsal alanlar\u0131 geli\u015ftirme \u00e7abalar\u0131nda \u00e7e\u015fitli &hellip;<\/p>\n","protected":false},"author":1,"featured_media":185831,"comment_status":"closed","ping_status":"closed","sticky":false,"template":"","format":"standard","meta":{"footnotes":""},"categories":[458,459,17988],"tags":[],"class_list":["post-185830","post","type-post","status-publish","format-standard","has-post-thumbnail","","category-dunya1","category-haberler-arap-uluslararasi-politika","category-son-haberler"],"_links":{"self":[{"href":"https:\/\/archive.sana.sy\/tr\/index.php?rest_route=\/wp\/v2\/posts\/185830","targetHints":{"allow":["GET"]}}],"collection":[{"href":"https:\/\/archive.sana.sy\/tr\/index.php?rest_route=\/wp\/v2\/posts"}],"about":[{"href":"https:\/\/archive.sana.sy\/tr\/index.php?rest_route=\/wp\/v2\/types\/post"}],"author":[{"embeddable":true,"href":"https:\/\/archive.sana.sy\/tr\/index.php?rest_route=\/wp\/v2\/users\/1"}],"replies":[{"embeddable":true,"href":"https:\/\/archive.sana.sy\/tr\/index.php?rest_route=%2Fwp%2Fv2%2Fcomments&post=185830"}],"version-history":[{"count":0,"href":"https:\/\/archive.sana.sy\/tr\/index.php?rest_route=\/wp\/v2\/posts\/185830\/revisions"}],"wp:featuredmedia":[{"embeddable":true,"href":"https:\/\/archive.sana.sy\/tr\/index.php?rest_route=\/wp\/v2\/media\/185831"}],"wp:attachment":[{"href":"https:\/\/archive.sana.sy\/tr\/index.php?rest_route=%2Fwp%2Fv2%2Fmedia&parent=185830"}],"wp:term":[{"taxonomy":"category","embeddable":true,"href":"https:\/\/archive.sana.sy\/tr\/index.php?rest_route=%2Fwp%2Fv2%2Fcategories&post=185830"},{"taxonomy":"post_tag","embeddable":true,"href":"https:\/\/archive.sana.sy\/tr\/index.php?rest_route=%2Fwp%2Fv2%2Ftags&post=185830"}],"curies":[{"name":"wp","href":"https:\/\/api.w.org\/{rel}","templated":true}]}}