{"id":185833,"date":"2019-07-08T22:46:05","date_gmt":"2019-07-08T19:46:05","guid":{"rendered":"http:\/\/www.sana.sy\/tr\/?p=185833"},"modified":"2019-07-10T14:24:41","modified_gmt":"2019-07-10T11:24:41","slug":"isgal-varliginin-golandaki-ihlallerinin-sorusturulmasi-ve-isledigi-suclardan-hesap-sorulmasini-istedi","status":"publish","type":"post","link":"https:\/\/archive.sana.sy\/tr\/?p=185833","title":{"rendered":"\u0130\u015fgal Varl\u0131\u011f\u0131n\u0131n Golan&#8217;daki \u0130hlallerinin Soru\u015fturulmas\u0131 ve \u0130\u015fledi\u011fi Su\u00e7lardan Hesap Sorulmas\u0131n\u0131 \u0130stedi"},"content":{"rendered":"<p style=\"text-align: justify;\">CENEVRE &#8211; Suriye\u2019nin Cenevre\u2019deki Birle\u015fmi\u015f Milletler Ofisi ve di\u011fer uluslararas\u0131 kurulu\u015flar\u0131n Daimi Temsilcisi B\u00fcy\u00fckel\u00e7i H\u00fcsameddin Ala, Suriye\u2019nin egemen oldu\u011fu i\u015fgal alt\u0131ndaki Golan\u2019\u0131 4 Haziran 1967\u2019ye kadar tamamen geri alma hakk\u0131n\u0131n devredilemez oldu\u011funu ve s\u0131n\u0131rlama stat\u00fcs\u00fcne tabi olmad\u0131\u011f\u0131n\u0131 yineleyerek, i\u015fgalci \u0130srail otoritelerinin Golan&#8217;daki t\u00fcm icraatlar\u0131n\u0131 reddetti\u011fini vurgulad\u0131.<\/p>\n<p style=\"text-align: justify;\">B\u00fcy\u00fckel\u00e7i Ala, \u0130nsan Haklar\u0131 Konseyi&#8217;nin &#8220;7. Bent&#8221; alt\u0131nda, Filistin ve i\u015fgal alt\u0131ndaki di\u011fer Arap topraklar\u0131ndaki insan haklar\u0131n\u0131n durumunu bildirdi\u011fi k\u0131rk birinci oturumu \u00f6n\u00fcnde Suriye&#8217;nin beyan\u0131nda, Suriye&#8217;nin Konsey&#8217;in i\u015fgalci \u0130srail otoritelerinin \u00a0Filistin, i\u015fgal alt\u0131ndaki Suriyeli Golan&#8217;da insan haklar\u0131 ve uluslararas\u0131 insanc\u0131l hukuk ihlallerini tart\u0131\u015fmas\u0131n\u0131 memnuniyetle kar\u015f\u0131lad\u0131\u011f\u0131n\u0131, Filistin ve i\u015fgal alt\u0131ndaki di\u011fer Arap b\u00f6lgelerindeki insan haklar\u0131 ihlallerinin \u00f6nemini vurgulad\u0131\u011f\u0131n\u0131 belirti.<\/p>\n<p style=\"text-align: justify;\">B\u00fcy\u00fckel\u00e7i Ala, i\u015fgalci \u0130srail&#8217;in BM Misak\u0131, uluslararas\u0131 insanc\u0131l hukuk, Filistin halk\u0131n\u0131n ve i\u015fgal alt\u0131ndaki Suriyeli Golan&#8217;daki halk\u0131m\u0131z\u0131n son 52 y\u0131ldan beri siyasi, medeni, ekonomik, sosyal ve k\u00fclt\u00fcrel haklar\u0131na y\u00f6nelik ihlallerinin devam etmesinin, \u0130nsan Haklar\u0131 Konseyi ve \u00f6zel mekanizmalar\u0131n\u0131, bu ihlalleri soru\u015fturmak ve i\u015fgalci varl\u0131\u011f\u0131 su\u00e7lar\u0131ndan ve agresif uygulamalar\u0131ndan sorumlu tutttu\u011funu s\u00f6yleyerek, i\u015fgalci \u0130srail otoritelerinin Filistinliler ve i\u015fgal edilen Golan&#8217;daki halk\u0131m\u0131z hakk\u0131nda keyfi uygulamalar\u0131n\u0131 s\u00fcrd\u00fcrd\u00fc\u011f\u00fcn\u00fc, topraklar\u0131n\u0131 ve m\u00fclklerini devralmaya devam etti\u011fini, Suriyeli esir S\u0131dk\u0131 el Makt&#8217;\u0131 zalimce bir \u015fekilde tutuklad\u0131\u011f\u0131n\u0131, do\u011fal kaynaklar\u0131n\u0131 \u00e7ald\u0131\u011f\u0131n\u0131 belirtti.<\/p>\n<p style=\"text-align: justify;\">Ala, \u0130srail H\u00fckumetinin Suriyeli Golan&#8217;da ge\u00e7en ay\u0131n 16&#8217;s\u0131nda toplant\u0131 d\u00fczenlemesi ve ABD ba\u015fkan\u0131 Trump ad\u0131yla bir yerle\u015fim birimi in\u015fa etmesini \u015fiddetle k\u0131nad\u0131\u011f\u0131n\u0131 vurgulad\u0131.<\/p>\n<p style=\"text-align: justify;\">Ala, Amerika&#8217;n\u0131n \u0130nsan Haklar\u0131 Konseyi g\u00fcndeminden 7. bendin \u00e7\u0131kar\u0131lmas\u0131 i\u00e7in bask\u0131 uygulad\u0131\u011f\u0131n\u0131, AB \u00fclkelerinin baz\u0131 kararlar\u0131na kar\u015f\u0131 oylamaya kat\u0131lmalar\u0131n\u0131n a\u00e7\u0131k bir \u00e7ifte standartl\u0131l\u0131k oldu\u011funu, i\u015fgal otoritelerine koruma sa\u011flad\u0131klar\u0131n\u0131 bunun da i\u015fgalci \u0130sraile i\u015fbirli\u011fini reddetmesine te\u015fvik etti\u011fini vurgulad\u0131.<\/p>\n<p style=\"text-align: justify;\">\u0130\u015fgalci \u0130srail otoritelerinin uluslararas\u0131 insanc\u0131l kanununa planl\u0131 ihlalleri, bask\u0131c\u0131 ve despot uygulamalar\u0131na devam etti\u011fine i\u015faret eden Ala, i\u015fgal edilen Golanl\u0131 halk\u0131m\u0131z\u0131n m\u00fccadeleci ve direni\u015f\u00e7i azimlerinden \u00f6\u00e7 alamayaca\u011f\u0131n\u0131, anavatanlar\u0131na olan ba\u011fl\u0131l\u0131klar\u0131ndaki \u0131srarlar\u0131n\u0131 da artt\u0131rd\u0131\u011f\u0131na i\u015faret ederek, Suriye&#8217;nin t\u00fcm Golan&#8217;\u0131 geri alma ve Suriye Arap kimliklerine ba\u011fl\u0131 kalma hakk\u0131n\u0131 vurgulad\u0131.<\/p>\n<p style=\"text-align: justify;\">B\u00fcy\u00fckel\u00e7i Ala, Filistin halk\u0131n\u0131n ba\u015fkenti Kud\u00fcs olan ba\u011f\u0131ms\u0131z devletlerini kurma ve geri d\u00f6n\u00fc\u015f haklar\u0131n\u0131 dile getirerek i\u015fgalci \u0130srail&#8217;in geriye kalan i\u015fgal etti\u011fi L\u00fcbnan topraklar\u0131nda geri \u00e7ekilmesini talep etti.<\/p>\n<p>\u00c7eviri: S.\u015eahut<\/p>\n","protected":false},"excerpt":{"rendered":"<p>CENEVRE &#8211; Suriye\u2019nin Cenevre\u2019deki Birle\u015fmi\u015f Milletler Ofisi ve di\u011fer uluslararas\u0131 kurulu\u015flar\u0131n Daimi Temsilcisi B\u00fcy\u00fckel\u00e7i H\u00fcsameddin Ala, Suriye\u2019nin egemen oldu\u011fu i\u015fgal alt\u0131ndaki Golan\u2019\u0131 4 Haziran 1967\u2019ye kadar tamamen geri alma hakk\u0131n\u0131n devredilemez oldu\u011funu ve s\u0131n\u0131rlama stat\u00fcs\u00fcne tabi olmad\u0131\u011f\u0131n\u0131 yineleyerek, i\u015fgalci \u0130srail otoritelerinin Golan&#8217;daki t\u00fcm icraatlar\u0131n\u0131 reddetti\u011fini vurgulad\u0131. B\u00fcy\u00fckel\u00e7i Ala, \u0130nsan Haklar\u0131 Konseyi&#8217;nin &#8220;7. Bent&#8221; alt\u0131nda, Filistin &hellip;<\/p>\n","protected":false},"author":1,"featured_media":185834,"comment_status":"closed","ping_status":"closed","sticky":false,"template":"","format":"standard","meta":{"footnotes":""},"categories":[458,459,17988],"tags":[],"class_list":["post-185833","post","type-post","status-publish","format-standard","has-post-thumbnail","","category-dunya1","category-haberler-arap-uluslararasi-politika","category-son-haberler"],"_links":{"self":[{"href":"https:\/\/archive.sana.sy\/tr\/index.php?rest_route=\/wp\/v2\/posts\/185833","targetHints":{"allow":["GET"]}}],"collection":[{"href":"https:\/\/archive.sana.sy\/tr\/index.php?rest_route=\/wp\/v2\/posts"}],"about":[{"href":"https:\/\/archive.sana.sy\/tr\/index.php?rest_route=\/wp\/v2\/types\/post"}],"author":[{"embeddable":true,"href":"https:\/\/archive.sana.sy\/tr\/index.php?rest_route=\/wp\/v2\/users\/1"}],"replies":[{"embeddable":true,"href":"https:\/\/archive.sana.sy\/tr\/index.php?rest_route=%2Fwp%2Fv2%2Fcomments&post=185833"}],"version-history":[{"count":0,"href":"https:\/\/archive.sana.sy\/tr\/index.php?rest_route=\/wp\/v2\/posts\/185833\/revisions"}],"wp:featuredmedia":[{"embeddable":true,"href":"https:\/\/archive.sana.sy\/tr\/index.php?rest_route=\/wp\/v2\/media\/185834"}],"wp:attachment":[{"href":"https:\/\/archive.sana.sy\/tr\/index.php?rest_route=%2Fwp%2Fv2%2Fmedia&parent=185833"}],"wp:term":[{"taxonomy":"category","embeddable":true,"href":"https:\/\/archive.sana.sy\/tr\/index.php?rest_route=%2Fwp%2Fv2%2Fcategories&post=185833"},{"taxonomy":"post_tag","embeddable":true,"href":"https:\/\/archive.sana.sy\/tr\/index.php?rest_route=%2Fwp%2Fv2%2Ftags&post=185833"}],"curies":[{"name":"wp","href":"https:\/\/api.w.org\/{rel}","templated":true}]}}