{"id":185906,"date":"2019-07-10T14:16:27","date_gmt":"2019-07-10T11:16:27","guid":{"rendered":"http:\/\/www.sana.sy\/tr\/?p=185906"},"modified":"2019-07-11T13:48:21","modified_gmt":"2019-07-11T10:48:21","slug":"ilk-alfabenin-sahibi-suriye-sanatla-dunyaya-mesaj-veriyor","status":"publish","type":"post","link":"https:\/\/archive.sana.sy\/tr\/?p=185906","title":{"rendered":"\u0130lk Alfabenin Sahibi Suriye Sanatla D\u00fcnyaya Mesaj Veriyor"},"content":{"rendered":"<p>S\u00dcVEYDA \u2013 Suriye&#8217;nin farkl\u0131 illerinden \u00fcnl\u00fc 15 heykelt\u0131ra\u015f\u0131n kat\u0131l\u0131m\u0131yla \u201cSanat G\u00fczelli\u011fin Dilidir\u201d slogan\u0131 alt\u0131nda d\u00fczenlenen 3. Ulusal Ah\u015fap Oymac\u0131l\u0131k Forumu S\u00fcveyda Kentinde ba\u015flad\u0131.<\/p>\n<p>E\u011fitim ve Tar\u0131m bakanl\u0131klar\u0131n\u0131n yan\u0131 s\u0131ra S\u00fcveyda Valili\u011finin ortak organizasyonuyla d\u00fczenlenen heykelt\u0131ra\u015f forumunda 15 g\u00fcn s\u00fcreyle kat\u0131l\u0131mc\u0131 heykelt\u0131ra\u015flar ah\u015fap \u00fczeri oymac\u0131l\u0131k h\u00fcnerleriyle bir \u015faheser yaratacaklar.<\/p>\n<p>\u0130l E\u011fitim M\u00fcd\u00fcr\u00fc Bessam Ebu Mahmut; Suriye ve Suriyeli heykelt\u0131ra\u015flar\u0131n bu forum ile t\u00fcm d\u00fcnyaya bir mesaj vermek istediklerini ifade etti. Ebu Mahmut insanl\u0131k tarihinde ilk alfabenin bulundu\u011fu Suriye&#8217;de sanat\u0131n \u00f6nemine vurgu yap\u0131l\u0131rken; sevgi, bar\u0131\u015f ve dayan\u0131\u015fman\u0131n \u00f6nemine vurgu yap\u0131laca\u011f\u0131n\u0131 da s\u00f6zlerine ekledi.<\/p>\n<div id='gallery-1' class='gallery galleryid-185906 gallery-columns-1 gallery-size-full'><figure class='gallery-item'>\n\t\t\t<div class='gallery-icon landscape'>\n\t\t\t\t<a href='https:\/\/archive.sana.sy\/tr\/wp-content\/uploads\/2019\/07\/1-660x330-1.gif'><img loading=\"lazy\" decoding=\"async\" width=\"660\" height=\"330\" src=\"https:\/\/archive.sana.sy\/tr\/wp-content\/uploads\/2019\/07\/1-660x330-1.gif\" class=\"attachment-full size-full\" alt=\"\" \/><\/a>\n\t\t\t<\/div><\/figure>\n\t\t<\/div>\n\n","protected":false},"excerpt":{"rendered":"<p>S\u00dcVEYDA \u2013 Suriye&#8217;nin farkl\u0131 illerinden \u00fcnl\u00fc 15 heykelt\u0131ra\u015f\u0131n kat\u0131l\u0131m\u0131yla \u201cSanat G\u00fczelli\u011fin Dilidir\u201d slogan\u0131 alt\u0131nda d\u00fczenlenen 3. Ulusal Ah\u015fap Oymac\u0131l\u0131k Forumu S\u00fcveyda Kentinde ba\u015flad\u0131. E\u011fitim ve Tar\u0131m bakanl\u0131klar\u0131n\u0131n yan\u0131 s\u0131ra S\u00fcveyda Valili\u011finin ortak organizasyonuyla d\u00fczenlenen heykelt\u0131ra\u015f forumunda 15 g\u00fcn s\u00fcreyle kat\u0131l\u0131mc\u0131 heykelt\u0131ra\u015flar ah\u015fap \u00fczeri oymac\u0131l\u0131k h\u00fcnerleriyle bir \u015faheser yaratacaklar. \u0130l E\u011fitim M\u00fcd\u00fcr\u00fc Bessam Ebu Mahmut; Suriye &hellip;<\/p>\n","protected":false},"author":1,"featured_media":185907,"comment_status":"closed","ping_status":"closed","sticky":false,"template":"","format":"standard","meta":{"footnotes":""},"categories":[516,479,511,17988,478],"tags":[],"class_list":["post-185906","post","type-post","status-publish","format-standard","has-post-thumbnail","","category-haberler-kultur-ve-sanat","category-haberler-yerel","category-kultur-ve-sanat","category-son-haberler","category-yerel"],"_links":{"self":[{"href":"https:\/\/archive.sana.sy\/tr\/index.php?rest_route=\/wp\/v2\/posts\/185906","targetHints":{"allow":["GET"]}}],"collection":[{"href":"https:\/\/archive.sana.sy\/tr\/index.php?rest_route=\/wp\/v2\/posts"}],"about":[{"href":"https:\/\/archive.sana.sy\/tr\/index.php?rest_route=\/wp\/v2\/types\/post"}],"author":[{"embeddable":true,"href":"https:\/\/archive.sana.sy\/tr\/index.php?rest_route=\/wp\/v2\/users\/1"}],"replies":[{"embeddable":true,"href":"https:\/\/archive.sana.sy\/tr\/index.php?rest_route=%2Fwp%2Fv2%2Fcomments&post=185906"}],"version-history":[{"count":0,"href":"https:\/\/archive.sana.sy\/tr\/index.php?rest_route=\/wp\/v2\/posts\/185906\/revisions"}],"wp:featuredmedia":[{"embeddable":true,"href":"https:\/\/archive.sana.sy\/tr\/index.php?rest_route=\/wp\/v2\/media\/185907"}],"wp:attachment":[{"href":"https:\/\/archive.sana.sy\/tr\/index.php?rest_route=%2Fwp%2Fv2%2Fmedia&parent=185906"}],"wp:term":[{"taxonomy":"category","embeddable":true,"href":"https:\/\/archive.sana.sy\/tr\/index.php?rest_route=%2Fwp%2Fv2%2Fcategories&post=185906"},{"taxonomy":"post_tag","embeddable":true,"href":"https:\/\/archive.sana.sy\/tr\/index.php?rest_route=%2Fwp%2Fv2%2Ftags&post=185906"}],"curies":[{"name":"wp","href":"https:\/\/api.w.org\/{rel}","templated":true}]}}