{"id":186096,"date":"2019-07-13T14:53:28","date_gmt":"2019-07-13T11:53:28","guid":{"rendered":"http:\/\/www.sana.sy\/tr\/?p=186096"},"modified":"2019-07-14T13:45:45","modified_gmt":"2019-07-14T10:45:45","slug":"ozel-sporcumuz-dunya-ucuncusu-oldu","status":"publish","type":"post","link":"https:\/\/archive.sana.sy\/tr\/?p=186096","title":{"rendered":"\u00d6zel Sporcumuz D\u00fcnya \u00dc\u00e7\u00fcnc\u00fcs\u00fc Oldu"},"content":{"rendered":"<p>NURSULTAN \u2013 Kazakistan\u2019\u0131n ba\u015fkenti Nursultan\u2019da d\u00fczenlenen D\u00fcnya \u00d6zel Halter \u015eampiyonas\u0131na kat\u0131lan \u00f6zel sporcumuz Nura Bdur bronz madalya kazanarak d\u00fcnya \u00fc\u00e7\u00fcnc\u00fcs\u00fc oldu.<\/p>\n<p>\u015eampiyonaya kat\u0131lan Suriye \u00f6zel tak\u0131m\u0131n\u0131n antren\u00f6r\u00fc Fadi Fahham SANA\u2019ya yapt\u0131\u011f\u0131 a\u00e7\u0131klamada; engeeli sporcumuz Bdur\u2019un 41 kilo yar\u0131\u015flar\u0131nda 90 kilo a\u011f\u0131rl\u0131\u011f\u0131 kald\u0131rmay\u0131 ba\u015far\u0131p bronz madalya kazand\u0131\u011f\u0131n\u0131 s\u00f6yledi.<\/p>\n","protected":false},"excerpt":{"rendered":"<p>NURSULTAN \u2013 Kazakistan\u2019\u0131n ba\u015fkenti Nursultan\u2019da d\u00fczenlenen D\u00fcnya \u00d6zel Halter \u015eampiyonas\u0131na kat\u0131lan \u00f6zel sporcumuz Nura Bdur bronz madalya kazanarak d\u00fcnya \u00fc\u00e7\u00fcnc\u00fcs\u00fc oldu. \u015eampiyonaya kat\u0131lan Suriye \u00f6zel tak\u0131m\u0131n\u0131n antren\u00f6r\u00fc Fadi Fahham SANA\u2019ya yapt\u0131\u011f\u0131 a\u00e7\u0131klamada; engeeli sporcumuz Bdur\u2019un 41 kilo yar\u0131\u015flar\u0131nda 90 kilo a\u011f\u0131rl\u0131\u011f\u0131 kald\u0131rmay\u0131 ba\u015far\u0131p bronz madalya kazand\u0131\u011f\u0131n\u0131 s\u00f6yledi.<\/p>\n","protected":false},"author":1,"featured_media":186099,"comment_status":"closed","ping_status":"closed","sticky":false,"template":"","format":"standard","meta":{"footnotes":""},"categories":[498,17988,496],"tags":[],"class_list":["post-186096","post","type-post","status-publish","format-standard","has-post-thumbnail","","category-dunya-turnuvalari","category-son-haberler","category-spor"],"_links":{"self":[{"href":"https:\/\/archive.sana.sy\/tr\/index.php?rest_route=\/wp\/v2\/posts\/186096","targetHints":{"allow":["GET"]}}],"collection":[{"href":"https:\/\/archive.sana.sy\/tr\/index.php?rest_route=\/wp\/v2\/posts"}],"about":[{"href":"https:\/\/archive.sana.sy\/tr\/index.php?rest_route=\/wp\/v2\/types\/post"}],"author":[{"embeddable":true,"href":"https:\/\/archive.sana.sy\/tr\/index.php?rest_route=\/wp\/v2\/users\/1"}],"replies":[{"embeddable":true,"href":"https:\/\/archive.sana.sy\/tr\/index.php?rest_route=%2Fwp%2Fv2%2Fcomments&post=186096"}],"version-history":[{"count":0,"href":"https:\/\/archive.sana.sy\/tr\/index.php?rest_route=\/wp\/v2\/posts\/186096\/revisions"}],"wp:featuredmedia":[{"embeddable":true,"href":"https:\/\/archive.sana.sy\/tr\/index.php?rest_route=\/wp\/v2\/media\/186099"}],"wp:attachment":[{"href":"https:\/\/archive.sana.sy\/tr\/index.php?rest_route=%2Fwp%2Fv2%2Fmedia&parent=186096"}],"wp:term":[{"taxonomy":"category","embeddable":true,"href":"https:\/\/archive.sana.sy\/tr\/index.php?rest_route=%2Fwp%2Fv2%2Fcategories&post=186096"},{"taxonomy":"post_tag","embeddable":true,"href":"https:\/\/archive.sana.sy\/tr\/index.php?rest_route=%2Fwp%2Fv2%2Ftags&post=186096"}],"curies":[{"name":"wp","href":"https:\/\/api.w.org\/{rel}","templated":true}]}}