{"id":18611,"date":"2014-12-21T13:22:30","date_gmt":"2014-12-21T11:22:30","guid":{"rendered":"http:\/\/sana.sy\/tr\/?p=18611"},"modified":"2014-12-21T13:22:30","modified_gmt":"2014-12-21T11:22:30","slug":"ulusal-uzlasma-suriye-devletinin-insasinda-stratejik-ilkedir","status":"publish","type":"post","link":"https:\/\/archive.sana.sy\/tr\/?p=18611","title":{"rendered":"Ulusal Uzla\u015fma Suriye Devletinin \u0130n\u015fas\u0131nda Stratejik \u0130lkedir"},"content":{"rendered":"<p>HAMA \u2013 Ulusal Uzla\u015fma \u0130\u015flerinden Sorumlu Devlet Bakan\u0131 Ali Haydar, ulusal uzla\u015fman\u0131n Suriye devletinin in\u015fa edilmesi, g\u00fcc\u00fc ve kurumlar\u0131n\u0131n birbirine ba\u011fl\u0131l\u0131\u011f\u0131n\u0131n \u201cstratejik ilkelerinden\u201d oldu\u011funu ve Suriyelilerin daha g\u00fczel yar\u0131nlara do\u011fru \u201cSuriyelilerin se\u00e7ene\u011fi\u201d oldu\u011funu belirtti.<\/p>\n<p><a href=\"http:\/\/sana.sy\/tr\/wp-content\/uploads\/2014\/12\/haydar-2.jpg\"><img loading=\"lazy\" decoding=\"async\" class=\"alignright wp-image-18613 size-medium\" src=\"http:\/\/sana.sy\/tr\/wp-content\/uploads\/2014\/12\/haydar-2-300x181.jpg\" alt=\"haydar 2\" width=\"300\" height=\"181\" srcset=\"https:\/\/archive.sana.sy\/tr\/wp-content\/uploads\/2014\/12\/haydar-2-300x181.jpg 300w, https:\/\/archive.sana.sy\/tr\/wp-content\/uploads\/2014\/12\/haydar-2-150x90.jpg 150w, https:\/\/archive.sana.sy\/tr\/wp-content\/uploads\/2014\/12\/haydar-2-1024x616.jpg 1024w, https:\/\/archive.sana.sy\/tr\/wp-content\/uploads\/2014\/12\/haydar-2.jpg 1600w\" sizes=\"auto, (max-width: 300px) 100vw, 300px\" \/><\/a>Misyaf K\u00fclt\u00fcr Merkezinde sundu\u011fu konferansta Haydar, b\u00fct\u00fcn vatan evlatlar\u0131n\u0131 ulusal uzla\u015fmadaki rollerini tam bir \u015fekilde alma ve yard\u0131mc\u0131 olmaya \u00e7a\u011f\u0131rarak Suriye\u2019nin b\u00fct\u00fcn evlatlar\u0131n\u0131n \u00e7aba ve imkanlar\u0131na ihtiyac\u0131 oldu\u011funu dile getirdi.<\/p>\n<p>Haydar, s\u00f6z konusu projenin ter\u00f6r ve ter\u00f6r\u00fc destekleyen \u00fclkelerle m\u00fccadele ile paralel bir \u015fekilde y\u00fcr\u00fcd\u00fc\u011f\u00fcn\u00fc kaydetti.<\/p>\n<p>Haydar, Suriye devletinin b\u00fct\u00fcn Suriyelilere y\u00f6nelik sorumluluklar\u0131n\u0131 komplonun hacmine ra\u011fmen yerine getirmekten asla geri kalmayaca\u011f\u0131n\u0131 a\u00e7\u0131klayarak, vatan d\u00fc\u015fmanlar\u0131n\u0131n devlet kurumlar\u0131ndan veya bu kurumlar\u0131 par\u00e7alamaya g\u00fc\u00e7lerinin yetmeyece\u011fini vurgulad\u0131.<\/p>\n<p>Kendi y\u00f6n\u00fcnden Hama Valisi Gassan Halaf, geleceklerini yap\u0131land\u0131racak tek halk\u0131n Suriyeliler oldu\u011funu belirterek Valili\u011fin ulusal uzla\u015fman\u0131n yap\u0131lmas\u0131 yolunda harcad\u0131\u011f\u0131 b\u00fcy\u00fck \u00e7abalara dikkat \u00e7ekti.<\/p>\n","protected":false},"excerpt":{"rendered":"<p>HAMA \u2013 Ulusal Uzla\u015fma \u0130\u015flerinden Sorumlu Devlet Bakan\u0131 Ali Haydar, ulusal uzla\u015fman\u0131n Suriye devletinin in\u015fa edilmesi, g\u00fcc\u00fc ve kurumlar\u0131n\u0131n birbirine ba\u011fl\u0131l\u0131\u011f\u0131n\u0131n \u201cstratejik ilkelerinden\u201d oldu\u011funu ve Suriyelilerin daha g\u00fczel yar\u0131nlara do\u011fru \u201cSuriyelilerin se\u00e7ene\u011fi\u201d oldu\u011funu belirtti. Misyaf K\u00fclt\u00fcr Merkezinde sundu\u011fu konferansta Haydar, b\u00fct\u00fcn vatan evlatlar\u0131n\u0131 ulusal uzla\u015fmadaki rollerini tam bir \u015fekilde alma ve yard\u0131mc\u0131 olmaya \u00e7a\u011f\u0131rarak Suriye\u2019nin &hellip;<\/p>\n","protected":false},"author":1,"featured_media":18612,"comment_status":"closed","ping_status":"closed","sticky":false,"template":"","format":"standard","meta":{"footnotes":""},"categories":[479,478],"tags":[8635,8639,8634,8636,8637,8632,8633,8638],"class_list":["post-18611","post","type-post","status-publish","format-standard","has-post-thumbnail","","category-haberler-yerel","category-yerel","tag-butun-vatan-evlatlarini-ulusal-uzlasmadaki-rollerini-tam-bir-sekilde-alma-ve-yardimci-olmaya-cagirarak-suriyenin-butun-evlatlarinin-caba-ve-imkanlarina-ihtiyaci-oldugunu-dile-getirdi-haydar","tag-geleceklerini-yapilandiracak-tek-halkin-suriyeliler-oldugunu-belirterek-valiligin-ulusal-uzlasmanin-yapilmasi-yolunda-harcadigi-buyuk-cabalara-dikkat-cekti","tag-gucu-ve-kurumlarinin-birbirine-bagliliginin-stratejik-ilkelerinden-oldugunu-ve-suriyelilerin-daha-guzel-yarinlara-dogru-suriyelilerin-secenegi-oldugunu-belirtti-mi","tag-soz-konusu-projenin-teror-ve-teroru-destekleyen-ulkelerle-mucadele-ile-paralel-bir-sekilde-yurudugunu-kaydetti-haydar","tag-suriye-devletinin-butun-suriyelilere-yonelik-sorumluluklarini-komplonun-hacmine-ragmen-yerine-getirmekten-asla-geri-kalmayacagini-aciklayarak","tag-ulusal-uzlasma-suriye-devletinin-insasinda-stratejik-ilkedir-hama-ulusal-uzlasma-islerinden-sorumlu-devlet-bakani-ali-haydar","tag-ulusal-uzlasmanin-suriye-devletinin-insa-edilmesi","tag-vatan-dusmanlarinin-devlet-kurumlarindan-veya-bu-kurumlari-parcalamaya-guclerinin-yetmeyecegini-vurguladi-kendi-yonunden-hama-valisi-gassan-halaf"],"_links":{"self":[{"href":"https:\/\/archive.sana.sy\/tr\/index.php?rest_route=\/wp\/v2\/posts\/18611","targetHints":{"allow":["GET"]}}],"collection":[{"href":"https:\/\/archive.sana.sy\/tr\/index.php?rest_route=\/wp\/v2\/posts"}],"about":[{"href":"https:\/\/archive.sana.sy\/tr\/index.php?rest_route=\/wp\/v2\/types\/post"}],"author":[{"embeddable":true,"href":"https:\/\/archive.sana.sy\/tr\/index.php?rest_route=\/wp\/v2\/users\/1"}],"replies":[{"embeddable":true,"href":"https:\/\/archive.sana.sy\/tr\/index.php?rest_route=%2Fwp%2Fv2%2Fcomments&post=18611"}],"version-history":[{"count":0,"href":"https:\/\/archive.sana.sy\/tr\/index.php?rest_route=\/wp\/v2\/posts\/18611\/revisions"}],"wp:featuredmedia":[{"embeddable":true,"href":"https:\/\/archive.sana.sy\/tr\/index.php?rest_route=\/wp\/v2\/media\/18612"}],"wp:attachment":[{"href":"https:\/\/archive.sana.sy\/tr\/index.php?rest_route=%2Fwp%2Fv2%2Fmedia&parent=18611"}],"wp:term":[{"taxonomy":"category","embeddable":true,"href":"https:\/\/archive.sana.sy\/tr\/index.php?rest_route=%2Fwp%2Fv2%2Fcategories&post=18611"},{"taxonomy":"post_tag","embeddable":true,"href":"https:\/\/archive.sana.sy\/tr\/index.php?rest_route=%2Fwp%2Fv2%2Ftags&post=18611"}],"curies":[{"name":"wp","href":"https:\/\/api.w.org\/{rel}","templated":true}]}}