{"id":186133,"date":"2019-07-14T14:14:20","date_gmt":"2019-07-14T11:14:20","guid":{"rendered":"http:\/\/www.sana.sy\/tr\/?p=186133"},"modified":"2019-07-15T15:12:17","modified_gmt":"2019-07-15T12:12:17","slug":"teroristler-boru-hattina-saldirdi","status":"publish","type":"post","link":"https:\/\/archive.sana.sy\/tr\/?p=186133","title":{"rendered":"Ter\u00f6ristler Boru Hatt\u0131na Sald\u0131rd\u0131"},"content":{"rendered":"<p>HOMS \u2013 Belli ba\u015fl\u0131 d\u0131\u015f g\u00fc\u00e7lerin destek ve talimatlar\u0131 ile hareket eden eli kanl\u0131 ter\u00f6ristler bug\u00fcn Homs ilinin do\u011fu k\u0131rsal\u0131nda \u015eair Do\u011falgaz Sahas\u0131 ile Ebla Do\u011falgaz \u0130stasyonunu birbirine ba\u011flayan do\u011falgaz boru hatt\u0131na sabotaj sald\u0131r\u0131s\u0131nda bulundu.<\/p>\n<p>SANA\u2019n\u0131n Homs muhabiri ter\u00f6ristlerin boru hatt\u0131na sald\u0131r\u0131lar\u0131 sonucunda boru hatt\u0131n\u0131n hizmet d\u0131\u015f\u0131 kald\u0131\u011f\u0131n\u0131 belirtti.<\/p>\n<p>Petrol Bakanl\u0131\u011f\u0131na tabi ekiplerin derhal boru hatt\u0131n\u0131 onarma \u00e7al\u0131\u015fmalar\u0131 ba\u015flatt\u0131klar\u0131n\u0131 aktaran muhabir; boru hatt\u0131n\u0131n g\u00fcnde ortalama 2,5 milyon metrek\u00fcp do\u011fal gaz\u0131 Ebla \u0130stasyonuna aktard\u0131\u011f\u0131n\u0131 kaydetti.<\/p>\n","protected":false},"excerpt":{"rendered":"<p>HOMS \u2013 Belli ba\u015fl\u0131 d\u0131\u015f g\u00fc\u00e7lerin destek ve talimatlar\u0131 ile hareket eden eli kanl\u0131 ter\u00f6ristler bug\u00fcn Homs ilinin do\u011fu k\u0131rsal\u0131nda \u015eair Do\u011falgaz Sahas\u0131 ile Ebla Do\u011falgaz \u0130stasyonunu birbirine ba\u011flayan do\u011falgaz boru hatt\u0131na sabotaj sald\u0131r\u0131s\u0131nda bulundu. SANA\u2019n\u0131n Homs muhabiri ter\u00f6ristlerin boru hatt\u0131na sald\u0131r\u0131lar\u0131 sonucunda boru hatt\u0131n\u0131n hizmet d\u0131\u015f\u0131 kald\u0131\u011f\u0131n\u0131 belirtti. Petrol Bakanl\u0131\u011f\u0131na tabi ekiplerin derhal boru &hellip;<\/p>\n","protected":false},"author":1,"featured_media":186134,"comment_status":"closed","ping_status":"closed","sticky":false,"template":"","format":"standard","meta":{"footnotes":""},"categories":[479,575,17988,478],"tags":[],"class_list":["post-186133","post","type-post","status-publish","format-standard","has-post-thumbnail","","category-haberler-yerel","category-olaylar-ve-gercekler","category-son-haberler","category-yerel"],"_links":{"self":[{"href":"https:\/\/archive.sana.sy\/tr\/index.php?rest_route=\/wp\/v2\/posts\/186133","targetHints":{"allow":["GET"]}}],"collection":[{"href":"https:\/\/archive.sana.sy\/tr\/index.php?rest_route=\/wp\/v2\/posts"}],"about":[{"href":"https:\/\/archive.sana.sy\/tr\/index.php?rest_route=\/wp\/v2\/types\/post"}],"author":[{"embeddable":true,"href":"https:\/\/archive.sana.sy\/tr\/index.php?rest_route=\/wp\/v2\/users\/1"}],"replies":[{"embeddable":true,"href":"https:\/\/archive.sana.sy\/tr\/index.php?rest_route=%2Fwp%2Fv2%2Fcomments&post=186133"}],"version-history":[{"count":0,"href":"https:\/\/archive.sana.sy\/tr\/index.php?rest_route=\/wp\/v2\/posts\/186133\/revisions"}],"wp:featuredmedia":[{"embeddable":true,"href":"https:\/\/archive.sana.sy\/tr\/index.php?rest_route=\/wp\/v2\/media\/186134"}],"wp:attachment":[{"href":"https:\/\/archive.sana.sy\/tr\/index.php?rest_route=%2Fwp%2Fv2%2Fmedia&parent=186133"}],"wp:term":[{"taxonomy":"category","embeddable":true,"href":"https:\/\/archive.sana.sy\/tr\/index.php?rest_route=%2Fwp%2Fv2%2Fcategories&post=186133"},{"taxonomy":"post_tag","embeddable":true,"href":"https:\/\/archive.sana.sy\/tr\/index.php?rest_route=%2Fwp%2Fv2%2Ftags&post=186133"}],"curies":[{"name":"wp","href":"https:\/\/api.w.org\/{rel}","templated":true}]}}