{"id":186136,"date":"2019-07-14T14:25:42","date_gmt":"2019-07-14T11:25:42","guid":{"rendered":"http:\/\/www.sana.sy\/tr\/?p=186136"},"modified":"2019-07-14T14:25:42","modified_gmt":"2019-07-14T11:25:42","slug":"sananin-halep-muhabiri-eli-kanli-teroristlerin-halep-kentinde-belediye-sarayini-fuzelerle-hedef-almalari-sonucunda-kucuk-yaslarinda-bir-kiz-cocugun-isabet-aldigini-aktardi","status":"publish","type":"post","link":"https:\/\/archive.sana.sy\/tr\/?p=186136","title":{"rendered":"SANA\u2019n\u0131n Halep muhabiri eli kanl\u0131 ter\u00f6ristlerin Halep Kentinde Belediye Saray\u0131n\u0131 f\u00fczelerle hedef almalar\u0131 sonucunda k\u00fc\u00e7\u00fck ya\u015flar\u0131nda bir k\u0131z \u00e7ocu\u011fun isabet ald\u0131\u011f\u0131n\u0131 aktard\u0131."},"content":{"rendered":"<p>SANA\u2019n\u0131n Halep muhabiri eli kanl\u0131 ter\u00f6ristlerin Halep Kentinde Belediye Saray\u0131n\u0131 f\u00fczelerle hedef almalar\u0131 sonucunda k\u00fc\u00e7\u00fck ya\u015flar\u0131nda bir k\u0131z \u00e7ocu\u011fun isabet ald\u0131\u011f\u0131n\u0131 aktard\u0131.<\/p>\n","protected":false},"excerpt":{"rendered":"<p>SANA\u2019n\u0131n Halep muhabiri eli kanl\u0131 ter\u00f6ristlerin Halep Kentinde Belediye Saray\u0131n\u0131 f\u00fczelerle hedef almalar\u0131 sonucunda k\u00fc\u00e7\u00fck ya\u015flar\u0131nda bir k\u0131z \u00e7ocu\u011fun isabet ald\u0131\u011f\u0131n\u0131 aktard\u0131.<\/p>\n","protected":false},"author":1,"featured_media":0,"comment_status":"closed","ping_status":"closed","sticky":false,"template":"","format":"standard","meta":{"footnotes":""},"categories":[17991],"tags":[],"class_list":["post-186136","post","type-post","status-publish","format-standard","","category-son-dakika"],"_links":{"self":[{"href":"https:\/\/archive.sana.sy\/tr\/index.php?rest_route=\/wp\/v2\/posts\/186136","targetHints":{"allow":["GET"]}}],"collection":[{"href":"https:\/\/archive.sana.sy\/tr\/index.php?rest_route=\/wp\/v2\/posts"}],"about":[{"href":"https:\/\/archive.sana.sy\/tr\/index.php?rest_route=\/wp\/v2\/types\/post"}],"author":[{"embeddable":true,"href":"https:\/\/archive.sana.sy\/tr\/index.php?rest_route=\/wp\/v2\/users\/1"}],"replies":[{"embeddable":true,"href":"https:\/\/archive.sana.sy\/tr\/index.php?rest_route=%2Fwp%2Fv2%2Fcomments&post=186136"}],"version-history":[{"count":0,"href":"https:\/\/archive.sana.sy\/tr\/index.php?rest_route=\/wp\/v2\/posts\/186136\/revisions"}],"wp:attachment":[{"href":"https:\/\/archive.sana.sy\/tr\/index.php?rest_route=%2Fwp%2Fv2%2Fmedia&parent=186136"}],"wp:term":[{"taxonomy":"category","embeddable":true,"href":"https:\/\/archive.sana.sy\/tr\/index.php?rest_route=%2Fwp%2Fv2%2Fcategories&post=186136"},{"taxonomy":"post_tag","embeddable":true,"href":"https:\/\/archive.sana.sy\/tr\/index.php?rest_route=%2Fwp%2Fv2%2Ftags&post=186136"}],"curies":[{"name":"wp","href":"https:\/\/api.w.org\/{rel}","templated":true}]}}