{"id":186138,"date":"2019-07-14T14:30:49","date_gmt":"2019-07-14T11:30:49","guid":{"rendered":"http:\/\/www.sana.sy\/tr\/?p=186138"},"modified":"2019-07-15T15:12:14","modified_gmt":"2019-07-15T12:12:14","slug":"halepte-belediye-sarayina-saldirdilar","status":"publish","type":"post","link":"https:\/\/archive.sana.sy\/tr\/?p=186138","title":{"rendered":"Halep\u2019te Belediye Saray\u0131na Sald\u0131rd\u0131lar"},"content":{"rendered":"<p>HALEP \u2013 Eli kanl\u0131 ter\u00f6ristler sivil yerle\u015fim alanlar\u0131, hizmet daireleri ve altyap\u0131ya kar\u015f\u0131 sald\u0131r\u0131lar\u0131n\u0131 s\u00fcrd\u00fcrmeleriyle bug\u00fcn Halep Kentinde Belediye Saray\u0131n\u0131 f\u00fczelerle hedef ald\u0131lar.<\/p>\n<p>SANA\u2019n\u0131n Halep muhabiri Helep \u0130linin bat\u0131s\u0131nda belli ba\u015fl\u0131 d\u0131\u015f g\u00fc\u00e7lerin destek ve talimatlar\u0131yla konumlan\u0131p ter\u00f6r estirmeye devam eden ter\u00f6ristlerin bug\u00fcn Halep Kentine bir f\u00fczeyle sald\u0131rd\u0131klar\u0131n\u0131 aktard\u0131. Muhabir ter\u00f6r f\u00fczesinin Belediye Saray\u0131 civar\u0131nda d\u00fc\u015ft\u00fc\u011f\u00fcn\u00fc belirtirken, bunun sonucunda k\u00fc\u00e7\u00fck ya\u015flar\u0131nda bir k\u0131z \u00e7ocu\u011fun isabet ald\u0131\u011f\u0131n\u0131 aktard\u0131.<\/p>\n<p>Muhabir yaralanan k\u0131z\u0131n derhal Razi Hastanesine kald\u0131r\u0131l\u0131p gerekli t\u0131bbi m\u00fcdahalenin yap\u0131ld\u0131\u011f\u0131n\u0131 s\u00f6zlerine ekledi.<\/p>\n","protected":false},"excerpt":{"rendered":"<p>HALEP \u2013 Eli kanl\u0131 ter\u00f6ristler sivil yerle\u015fim alanlar\u0131, hizmet daireleri ve altyap\u0131ya kar\u015f\u0131 sald\u0131r\u0131lar\u0131n\u0131 s\u00fcrd\u00fcrmeleriyle bug\u00fcn Halep Kentinde Belediye Saray\u0131n\u0131 f\u00fczelerle hedef ald\u0131lar. SANA\u2019n\u0131n Halep muhabiri Helep \u0130linin bat\u0131s\u0131nda belli ba\u015fl\u0131 d\u0131\u015f g\u00fc\u00e7lerin destek ve talimatlar\u0131yla konumlan\u0131p ter\u00f6r estirmeye devam eden ter\u00f6ristlerin bug\u00fcn Halep Kentine bir f\u00fczeyle sald\u0131rd\u0131klar\u0131n\u0131 aktard\u0131. Muhabir ter\u00f6r f\u00fczesinin Belediye Saray\u0131 civar\u0131nda &hellip;<\/p>\n","protected":false},"author":1,"featured_media":186142,"comment_status":"closed","ping_status":"closed","sticky":false,"template":"","format":"standard","meta":{"footnotes":""},"categories":[479,575,478],"tags":[],"class_list":["post-186138","post","type-post","status-publish","format-standard","has-post-thumbnail","","category-haberler-yerel","category-olaylar-ve-gercekler","category-yerel"],"_links":{"self":[{"href":"https:\/\/archive.sana.sy\/tr\/index.php?rest_route=\/wp\/v2\/posts\/186138","targetHints":{"allow":["GET"]}}],"collection":[{"href":"https:\/\/archive.sana.sy\/tr\/index.php?rest_route=\/wp\/v2\/posts"}],"about":[{"href":"https:\/\/archive.sana.sy\/tr\/index.php?rest_route=\/wp\/v2\/types\/post"}],"author":[{"embeddable":true,"href":"https:\/\/archive.sana.sy\/tr\/index.php?rest_route=\/wp\/v2\/users\/1"}],"replies":[{"embeddable":true,"href":"https:\/\/archive.sana.sy\/tr\/index.php?rest_route=%2Fwp%2Fv2%2Fcomments&post=186138"}],"version-history":[{"count":0,"href":"https:\/\/archive.sana.sy\/tr\/index.php?rest_route=\/wp\/v2\/posts\/186138\/revisions"}],"wp:featuredmedia":[{"embeddable":true,"href":"https:\/\/archive.sana.sy\/tr\/index.php?rest_route=\/wp\/v2\/media\/186142"}],"wp:attachment":[{"href":"https:\/\/archive.sana.sy\/tr\/index.php?rest_route=%2Fwp%2Fv2%2Fmedia&parent=186138"}],"wp:term":[{"taxonomy":"category","embeddable":true,"href":"https:\/\/archive.sana.sy\/tr\/index.php?rest_route=%2Fwp%2Fv2%2Fcategories&post=186138"},{"taxonomy":"post_tag","embeddable":true,"href":"https:\/\/archive.sana.sy\/tr\/index.php?rest_route=%2Fwp%2Fv2%2Ftags&post=186138"}],"curies":[{"name":"wp","href":"https:\/\/api.w.org\/{rel}","templated":true}]}}