{"id":186144,"date":"2019-07-14T16:52:00","date_gmt":"2019-07-14T13:52:00","guid":{"rendered":"http:\/\/www.sana.sy\/tr\/?p=186144"},"modified":"2019-07-15T15:11:59","modified_gmt":"2019-07-15T12:11:59","slug":"askerlik-hizmeti-kanunu-maddeleri-yeniden-duzenlendi","status":"publish","type":"post","link":"https:\/\/archive.sana.sy\/tr\/?p=186144","title":{"rendered":"Askerlik Hizmeti Kanunu \u00a0Maddeleri Yeniden D\u00fczenlendi"},"content":{"rendered":"<p>\u015eAM \u2013 Cumhurba\u015fkan\u0131 Be\u015f\u015far el Esad bug\u00fcn mecburi askerlik hizmetine ili\u015fkin 2007\/30 say\u0131l\u0131 yasama karar\u0131n\u0131n 10,95 ve 113 say\u0131l\u0131 maddelerinin yeniden d\u00fczenlenmesini \u00f6ng\u00f6ren 2019\/12 say\u0131l\u0131 yasama karar\u0131n\u0131 onaylad\u0131.<\/p>\n<p>Halk Meclisinden tart\u0131\u015f\u0131l\u0131p onaylanmas\u0131 ard\u0131ndan onay i\u00e7in cumhurba\u015fkanl\u0131\u011f\u0131na sevk edilen yasama karar\u0131nda askerlik hizmetinin tecili ve askerlik hizmetine sevk konular\u0131nda yeni d\u00fczenlemeler \u00f6ng\u00f6r\u00fcyor.<\/p>\n","protected":false},"excerpt":{"rendered":"<p>\u015eAM \u2013 Cumhurba\u015fkan\u0131 Be\u015f\u015far el Esad bug\u00fcn mecburi askerlik hizmetine ili\u015fkin 2007\/30 say\u0131l\u0131 yasama karar\u0131n\u0131n 10,95 ve 113 say\u0131l\u0131 maddelerinin yeniden d\u00fczenlenmesini \u00f6ng\u00f6ren 2019\/12 say\u0131l\u0131 yasama karar\u0131n\u0131 onaylad\u0131. Halk Meclisinden tart\u0131\u015f\u0131l\u0131p onaylanmas\u0131 ard\u0131ndan onay i\u00e7in cumhurba\u015fkanl\u0131\u011f\u0131na sevk edilen yasama karar\u0131nda askerlik hizmetinin tecili ve askerlik hizmetine sevk konular\u0131nda yeni d\u00fczenlemeler \u00f6ng\u00f6r\u00fcyor.<\/p>\n","protected":false},"author":1,"featured_media":151186,"comment_status":"closed","ping_status":"closed","sticky":false,"template":"","format":"standard","meta":{"footnotes":""},"categories":[479,605,17988,612,599,478],"tags":[],"class_list":["post-186144","post","type-post","status-publish","format-standard","has-post-thumbnail","","category-haberler-yerel","category-sayin-cumhurbaskani","category-son-haberler","category-yasama-kararnameler","category-yasama-ve-kanunlar","category-yerel"],"_links":{"self":[{"href":"https:\/\/archive.sana.sy\/tr\/index.php?rest_route=\/wp\/v2\/posts\/186144","targetHints":{"allow":["GET"]}}],"collection":[{"href":"https:\/\/archive.sana.sy\/tr\/index.php?rest_route=\/wp\/v2\/posts"}],"about":[{"href":"https:\/\/archive.sana.sy\/tr\/index.php?rest_route=\/wp\/v2\/types\/post"}],"author":[{"embeddable":true,"href":"https:\/\/archive.sana.sy\/tr\/index.php?rest_route=\/wp\/v2\/users\/1"}],"replies":[{"embeddable":true,"href":"https:\/\/archive.sana.sy\/tr\/index.php?rest_route=%2Fwp%2Fv2%2Fcomments&post=186144"}],"version-history":[{"count":0,"href":"https:\/\/archive.sana.sy\/tr\/index.php?rest_route=\/wp\/v2\/posts\/186144\/revisions"}],"wp:featuredmedia":[{"embeddable":true,"href":"https:\/\/archive.sana.sy\/tr\/index.php?rest_route=\/wp\/v2\/media\/151186"}],"wp:attachment":[{"href":"https:\/\/archive.sana.sy\/tr\/index.php?rest_route=%2Fwp%2Fv2%2Fmedia&parent=186144"}],"wp:term":[{"taxonomy":"category","embeddable":true,"href":"https:\/\/archive.sana.sy\/tr\/index.php?rest_route=%2Fwp%2Fv2%2Fcategories&post=186144"},{"taxonomy":"post_tag","embeddable":true,"href":"https:\/\/archive.sana.sy\/tr\/index.php?rest_route=%2Fwp%2Fv2%2Ftags&post=186144"}],"curies":[{"name":"wp","href":"https:\/\/api.w.org\/{rel}","templated":true}]}}