{"id":186145,"date":"2019-07-14T16:37:45","date_gmt":"2019-07-14T13:37:45","guid":{"rendered":"http:\/\/www.sana.sy\/tr\/?p=186145"},"modified":"2019-07-15T15:12:04","modified_gmt":"2019-07-15T12:12:04","slug":"tum-dunya-bu-topraklari-terk-etmeyecegimizi-idrak-etmelidir","status":"publish","type":"post","link":"https:\/\/archive.sana.sy\/tr\/?p=186145","title":{"rendered":"T\u00fcm D\u00fcnya Bu Topraklar\u0131 Terk Etmeyece\u011fimizi \u0130drak Etmelidir"},"content":{"rendered":"<p>HASEKE &#8211; \u00a0Haseke \u0130line tabi Kam\u0131\u015fl\u0131 Kentindeki Seyyide Azra S\u00fcryani Ortodokslar Kilisesinde bug\u00fcn d\u00fczenlenen geni\u015f kat\u0131l\u0131ml\u0131 dini ayinde H\u0131ristiyanlar\u0131n Suriye genelinde oldu\u011fu gibi Kam\u0131\u015fl\u0131 Kentinde de de topraklar\u0131na s\u0131ms\u0131k\u0131 tutunup ter\u00f6rden korkmad\u0131klar\u0131 ifade edildi.<\/p>\n<p>\u00dc\u00e7 g\u00fcn \u00f6nce kentteki H\u0131ristiyanlar\u0131n saflar\u0131nda ter\u00f6r korkusunu yayma amac\u0131yla \u00f6n\u00fcnde bombal\u0131 bir arac\u0131n havaya u\u00e7uruldu\u011fu kilisede d\u00fczenlenen ayin Cezire ve F\u0131rat B\u00f6lgesi Metropoliti Moris Amsic ba\u015fkanl\u0131\u011f\u0131nda d\u00fczenlendi.<\/p>\n<p>Dini ayinde Suriye ve Suriye halk\u0131 i\u00e7in dualar edilirken; Kam\u0131\u015fl\u0131\u2019da H\u0131ristiyanlar\u0131n t\u00fcm Suriye&#8217;de oldu\u011fu gibi ter\u00f6rden korkmad\u0131klar\u0131n\u0131, topraklar\u0131na ve vatanlar\u0131na s\u0131ms\u0131k\u0131 tutunduklar\u0131n\u0131n alt\u0131 \u00e7izildi. Ter\u00f6r \u00f6rg\u00fctlerin sald\u0131r\u0131 ve zorbal\u0131klar\u0131yla H\u0131ristiyanlar\u0131 ulusalc\u0131 azim ve tutumlar\u0131ndan cayd\u0131rmalar\u0131n\u0131n m\u00fcmk\u00fcn olmad\u0131\u011f\u0131n\u0131n alt\u0131 \u00e7izildi\u011fi dini etkinlikte; Suriye halk\u0131n\u0131n t\u00fcm bile\u015fenleri ve kesimleriyle birlik beraberlik i\u00e7inde kalmaya \u0131srarl\u0131 oldu\u011fu ifade edildi.<\/p>\n<p>Kat\u0131l\u0131mc\u0131lar H\u0131ristiyanlar\u0131n bu b\u00f6lgede y\u00fczy\u0131llard\u0131r karde\u015f ve ho\u015fg\u00f6r\u00fc ile ortak ya\u015famla istikrar i\u00e7inde ya\u015fad\u0131klar\u0131na dikkat \u00e7ekilirken; t\u00fcm d\u00fcnyan\u0131n bu ger\u00e7e\u011fi idrak etmesi ve H\u0131ristiyanlar\u0131n topraklar\u0131n\u0131 hi\u00e7bir ko\u015ful alt\u0131nda terk etmeyeceklerini de bilmeleri gerekti\u011fine vurgu yap\u0131ld\u0131.<\/p>\n<div id='gallery-1' class='gallery galleryid-186145 gallery-columns-5 gallery-size-thumbnail'><figure class='gallery-item'>\n\t\t\t<div class='gallery-icon landscape'>\n\t\t\t\t<a href='https:\/\/archive.sana.sy\/tr\/wp-content\/uploads\/2019\/07\/01-1.jpg'><img loading=\"lazy\" decoding=\"async\" width=\"150\" height=\"88\" src=\"https:\/\/archive.sana.sy\/tr\/wp-content\/uploads\/2019\/07\/01-1-150x88.jpg\" class=\"attachment-thumbnail size-thumbnail\" alt=\"\" srcset=\"https:\/\/archive.sana.sy\/tr\/wp-content\/uploads\/2019\/07\/01-1-150x88.jpg 150w, https:\/\/archive.sana.sy\/tr\/wp-content\/uploads\/2019\/07\/01-1-300x175.jpg 300w, https:\/\/archive.sana.sy\/tr\/wp-content\/uploads\/2019\/07\/01-1-768x448.jpg 768w, https:\/\/archive.sana.sy\/tr\/wp-content\/uploads\/2019\/07\/01-1-1024x598.jpg 1024w, https:\/\/archive.sana.sy\/tr\/wp-content\/uploads\/2019\/07\/01-1.jpg 1072w\" sizes=\"auto, (max-width: 150px) 100vw, 150px\" \/><\/a>\n\t\t\t<\/div><\/figure><figure class='gallery-item'>\n\t\t\t<div class='gallery-icon landscape'>\n\t\t\t\t<a href='https:\/\/archive.sana.sy\/tr\/wp-content\/uploads\/2019\/07\/02.jpg'><img loading=\"lazy\" decoding=\"async\" width=\"150\" height=\"88\" src=\"https:\/\/archive.sana.sy\/tr\/wp-content\/uploads\/2019\/07\/02-150x88.jpg\" class=\"attachment-thumbnail size-thumbnail\" alt=\"\" srcset=\"https:\/\/archive.sana.sy\/tr\/wp-content\/uploads\/2019\/07\/02-150x88.jpg 150w, https:\/\/archive.sana.sy\/tr\/wp-content\/uploads\/2019\/07\/02-300x175.jpg 300w, https:\/\/archive.sana.sy\/tr\/wp-content\/uploads\/2019\/07\/02-768x448.jpg 768w, https:\/\/archive.sana.sy\/tr\/wp-content\/uploads\/2019\/07\/02-1024x598.jpg 1024w, https:\/\/archive.sana.sy\/tr\/wp-content\/uploads\/2019\/07\/02.jpg 1072w\" sizes=\"auto, (max-width: 150px) 100vw, 150px\" \/><\/a>\n\t\t\t<\/div><\/figure><figure class='gallery-item'>\n\t\t\t<div class='gallery-icon landscape'>\n\t\t\t\t<a href='https:\/\/archive.sana.sy\/tr\/wp-content\/uploads\/2019\/07\/03.jpg'><img loading=\"lazy\" decoding=\"async\" width=\"150\" height=\"88\" src=\"https:\/\/archive.sana.sy\/tr\/wp-content\/uploads\/2019\/07\/03-150x88.jpg\" class=\"attachment-thumbnail size-thumbnail\" alt=\"\" srcset=\"https:\/\/archive.sana.sy\/tr\/wp-content\/uploads\/2019\/07\/03-150x88.jpg 150w, https:\/\/archive.sana.sy\/tr\/wp-content\/uploads\/2019\/07\/03-300x175.jpg 300w, https:\/\/archive.sana.sy\/tr\/wp-content\/uploads\/2019\/07\/03-768x448.jpg 768w, https:\/\/archive.sana.sy\/tr\/wp-content\/uploads\/2019\/07\/03-1024x598.jpg 1024w, https:\/\/archive.sana.sy\/tr\/wp-content\/uploads\/2019\/07\/03.jpg 1072w\" sizes=\"auto, (max-width: 150px) 100vw, 150px\" \/><\/a>\n\t\t\t<\/div><\/figure><figure class='gallery-item'>\n\t\t\t<div class='gallery-icon landscape'>\n\t\t\t\t<a href='https:\/\/archive.sana.sy\/tr\/wp-content\/uploads\/2019\/07\/04.jpg'><img loading=\"lazy\" decoding=\"async\" width=\"150\" height=\"88\" src=\"https:\/\/archive.sana.sy\/tr\/wp-content\/uploads\/2019\/07\/04-150x88.jpg\" class=\"attachment-thumbnail size-thumbnail\" alt=\"\" srcset=\"https:\/\/archive.sana.sy\/tr\/wp-content\/uploads\/2019\/07\/04-150x88.jpg 150w, https:\/\/archive.sana.sy\/tr\/wp-content\/uploads\/2019\/07\/04-300x175.jpg 300w, https:\/\/archive.sana.sy\/tr\/wp-content\/uploads\/2019\/07\/04-768x448.jpg 768w, https:\/\/archive.sana.sy\/tr\/wp-content\/uploads\/2019\/07\/04-1024x598.jpg 1024w, https:\/\/archive.sana.sy\/tr\/wp-content\/uploads\/2019\/07\/04.jpg 1072w\" sizes=\"auto, (max-width: 150px) 100vw, 150px\" \/><\/a>\n\t\t\t<\/div><\/figure><figure class='gallery-item'>\n\t\t\t<div class='gallery-icon landscape'>\n\t\t\t\t<a href='https:\/\/archive.sana.sy\/tr\/wp-content\/uploads\/2019\/07\/05.jpg'><img loading=\"lazy\" decoding=\"async\" width=\"150\" height=\"88\" src=\"https:\/\/archive.sana.sy\/tr\/wp-content\/uploads\/2019\/07\/05-150x88.jpg\" class=\"attachment-thumbnail size-thumbnail\" alt=\"\" srcset=\"https:\/\/archive.sana.sy\/tr\/wp-content\/uploads\/2019\/07\/05-150x88.jpg 150w, https:\/\/archive.sana.sy\/tr\/wp-content\/uploads\/2019\/07\/05-300x175.jpg 300w, https:\/\/archive.sana.sy\/tr\/wp-content\/uploads\/2019\/07\/05-768x448.jpg 768w, https:\/\/archive.sana.sy\/tr\/wp-content\/uploads\/2019\/07\/05-1024x598.jpg 1024w, https:\/\/archive.sana.sy\/tr\/wp-content\/uploads\/2019\/07\/05.jpg 1072w\" sizes=\"auto, (max-width: 150px) 100vw, 150px\" \/><\/a>\n\t\t\t<\/div><\/figure>\n\t\t<\/div>\n\n","protected":false},"excerpt":{"rendered":"<p>HASEKE &#8211; \u00a0Haseke \u0130line tabi Kam\u0131\u015fl\u0131 Kentindeki Seyyide Azra S\u00fcryani Ortodokslar Kilisesinde bug\u00fcn d\u00fczenlenen geni\u015f kat\u0131l\u0131ml\u0131 dini ayinde H\u0131ristiyanlar\u0131n Suriye genelinde oldu\u011fu gibi Kam\u0131\u015fl\u0131 Kentinde de de topraklar\u0131na s\u0131ms\u0131k\u0131 tutunup ter\u00f6rden korkmad\u0131klar\u0131 ifade edildi. \u00dc\u00e7 g\u00fcn \u00f6nce kentteki H\u0131ristiyanlar\u0131n saflar\u0131nda ter\u00f6r korkusunu yayma amac\u0131yla \u00f6n\u00fcnde bombal\u0131 bir arac\u0131n havaya u\u00e7uruldu\u011fu kilisede d\u00fczenlenen ayin Cezire ve &hellip;<\/p>\n","protected":false},"author":1,"featured_media":186146,"comment_status":"closed","ping_status":"closed","sticky":false,"template":"","format":"standard","meta":{"footnotes":""},"categories":[596,479,17988,478],"tags":[],"class_list":["post-186145","post","type-post","status-publish","format-standard","has-post-thumbnail","","category-fotografli-raporlar","category-haberler-yerel","category-son-haberler","category-yerel"],"_links":{"self":[{"href":"https:\/\/archive.sana.sy\/tr\/index.php?rest_route=\/wp\/v2\/posts\/186145","targetHints":{"allow":["GET"]}}],"collection":[{"href":"https:\/\/archive.sana.sy\/tr\/index.php?rest_route=\/wp\/v2\/posts"}],"about":[{"href":"https:\/\/archive.sana.sy\/tr\/index.php?rest_route=\/wp\/v2\/types\/post"}],"author":[{"embeddable":true,"href":"https:\/\/archive.sana.sy\/tr\/index.php?rest_route=\/wp\/v2\/users\/1"}],"replies":[{"embeddable":true,"href":"https:\/\/archive.sana.sy\/tr\/index.php?rest_route=%2Fwp%2Fv2%2Fcomments&post=186145"}],"version-history":[{"count":0,"href":"https:\/\/archive.sana.sy\/tr\/index.php?rest_route=\/wp\/v2\/posts\/186145\/revisions"}],"wp:featuredmedia":[{"embeddable":true,"href":"https:\/\/archive.sana.sy\/tr\/index.php?rest_route=\/wp\/v2\/media\/186146"}],"wp:attachment":[{"href":"https:\/\/archive.sana.sy\/tr\/index.php?rest_route=%2Fwp%2Fv2%2Fmedia&parent=186145"}],"wp:term":[{"taxonomy":"category","embeddable":true,"href":"https:\/\/archive.sana.sy\/tr\/index.php?rest_route=%2Fwp%2Fv2%2Fcategories&post=186145"},{"taxonomy":"post_tag","embeddable":true,"href":"https:\/\/archive.sana.sy\/tr\/index.php?rest_route=%2Fwp%2Fv2%2Ftags&post=186145"}],"curies":[{"name":"wp","href":"https:\/\/api.w.org\/{rel}","templated":true}]}}