{"id":186153,"date":"2019-07-14T17:02:37","date_gmt":"2019-07-14T14:02:37","guid":{"rendered":"http:\/\/www.sana.sy\/tr\/?p=186153"},"modified":"2019-07-15T15:42:48","modified_gmt":"2019-07-15T12:42:48","slug":"yarali-gazilere-vatan-yaralisi-karti-verilecek","status":"publish","type":"post","link":"https:\/\/archive.sana.sy\/tr\/?p=186153","title":{"rendered":"Yaral\u0131 Gazilere &#8220;vatan Yaral\u0131s\u0131&#8221; Kart\u0131 Verilecek"},"content":{"rendered":"<p>\u015eAM \u2013 Cumhurba\u015fkan\u0131 Be\u015f\u015far el Esad bug\u00fcn Suriye ve halk\u0131na y\u00f6nelik sava\u015fta Suriye ordusunun komutas\u0131 alt\u0131nda sava\u015ft\u0131\u011f\u0131 s\u0131rada yaralananlara \u201cVatan Yaral\u0131s\u0131\u201d ad\u0131 alt\u0131nda onur kart\u0131 verilmesini \u00f6ng\u00f6ren 2019\/13 say\u0131l\u0131 yasama karar\u0131n\u0131 onaylad\u0131.<\/p>\n<p>\u0130sabetinde %40 ve \u00fczeri fiziksel hasar g\u00f6ren gazilere verilecek s\u00f6z konusu onur kart\u0131 gazi ve ailelerine bir dizi sosyal hizmet temin ediliyor. Bu hizmetlerin aras\u0131nda \u00fccretsiz sa\u011fl\u0131k hizmetleri, \u00fcniversite yerle\u015ftirme kadrolar\u0131, \u00fcniversite kamp\u00fcsleri, k\u00fc\u00e7\u00fck \u00f6l\u00e7ekli i\u015f projeleri, i\u015f piyasalar\u0131nda destek ve te\u015fvik programlar\u0131 ki\u015fisel engelli cihazlar\u0131nda g\u00fcmr\u00fck vergileri muafiyeti, ula\u015f\u0131m \u00fccretleri, devlet daireleri i\u015flemlerinde pul har\u00e7lar\u0131n\u0131n yan\u0131 s\u0131ra i\u015f projelerinde farkl\u0131 t\u00fcr vergilerden muaf tutulmalar\u0131 gibi bir dizi hizmet ve destek temin ediyor.<\/p>\n","protected":false},"excerpt":{"rendered":"<p>\u015eAM \u2013 Cumhurba\u015fkan\u0131 Be\u015f\u015far el Esad bug\u00fcn Suriye ve halk\u0131na y\u00f6nelik sava\u015fta Suriye ordusunun komutas\u0131 alt\u0131nda sava\u015ft\u0131\u011f\u0131 s\u0131rada yaralananlara \u201cVatan Yaral\u0131s\u0131\u201d ad\u0131 alt\u0131nda onur kart\u0131 verilmesini \u00f6ng\u00f6ren 2019\/13 say\u0131l\u0131 yasama karar\u0131n\u0131 onaylad\u0131. \u0130sabetinde %40 ve \u00fczeri fiziksel hasar g\u00f6ren gazilere verilecek s\u00f6z konusu onur kart\u0131 gazi ve ailelerine bir dizi sosyal hizmet temin ediliyor. Bu &hellip;<\/p>\n","protected":false},"author":1,"featured_media":89526,"comment_status":"closed","ping_status":"closed","sticky":false,"template":"","format":"standard","meta":{"footnotes":""},"categories":[479,605,17988,612,599,478],"tags":[],"class_list":["post-186153","post","type-post","status-publish","format-standard","has-post-thumbnail","","category-haberler-yerel","category-sayin-cumhurbaskani","category-son-haberler","category-yasama-kararnameler","category-yasama-ve-kanunlar","category-yerel"],"_links":{"self":[{"href":"https:\/\/archive.sana.sy\/tr\/index.php?rest_route=\/wp\/v2\/posts\/186153","targetHints":{"allow":["GET"]}}],"collection":[{"href":"https:\/\/archive.sana.sy\/tr\/index.php?rest_route=\/wp\/v2\/posts"}],"about":[{"href":"https:\/\/archive.sana.sy\/tr\/index.php?rest_route=\/wp\/v2\/types\/post"}],"author":[{"embeddable":true,"href":"https:\/\/archive.sana.sy\/tr\/index.php?rest_route=\/wp\/v2\/users\/1"}],"replies":[{"embeddable":true,"href":"https:\/\/archive.sana.sy\/tr\/index.php?rest_route=%2Fwp%2Fv2%2Fcomments&post=186153"}],"version-history":[{"count":0,"href":"https:\/\/archive.sana.sy\/tr\/index.php?rest_route=\/wp\/v2\/posts\/186153\/revisions"}],"wp:featuredmedia":[{"embeddable":true,"href":"https:\/\/archive.sana.sy\/tr\/index.php?rest_route=\/wp\/v2\/media\/89526"}],"wp:attachment":[{"href":"https:\/\/archive.sana.sy\/tr\/index.php?rest_route=%2Fwp%2Fv2%2Fmedia&parent=186153"}],"wp:term":[{"taxonomy":"category","embeddable":true,"href":"https:\/\/archive.sana.sy\/tr\/index.php?rest_route=%2Fwp%2Fv2%2Fcategories&post=186153"},{"taxonomy":"post_tag","embeddable":true,"href":"https:\/\/archive.sana.sy\/tr\/index.php?rest_route=%2Fwp%2Fv2%2Ftags&post=186153"}],"curies":[{"name":"wp","href":"https:\/\/api.w.org\/{rel}","templated":true}]}}