{"id":186157,"date":"2019-07-14T21:59:00","date_gmt":"2019-07-14T18:59:00","guid":{"rendered":"http:\/\/www.sana.sy\/tr\/?p=186157"},"modified":"2019-07-15T15:42:57","modified_gmt":"2019-07-15T12:42:57","slug":"gaddar-teror-fuzeleri-6-vatandasin-sehit-9-kisininde-yaralanmasina-neden-oldu","status":"publish","type":"post","link":"https:\/\/archive.sana.sy\/tr\/?p=186157","title":{"rendered":"Gaddar Ter\u00f6r F\u00fczeleri 6 Vatanda\u015f\u0131n \u015eehit 9 Ki\u015fininde Yaralanmas\u0131na Neden Oldu"},"content":{"rendered":"<p style=\"text-align: justify;\">HALEP \u2013 Gaddar ter\u00f6rist gruplar\u0131n roketli f\u00fczelerle masum sivil insanlar\u0131n ya\u015fad\u0131klar\u0131 semtleri hedef almas\u0131 sonucunda 6 sivil \u015fehit d\u00fc\u015ft\u00fc 9 ki\u015fi de yaraland\u0131.<\/p>\n<p><a href=\"http:\/\/www.sana.sy\/tr\/wp-content\/uploads\/2019\/07\/12.jpg\"><img loading=\"lazy\" decoding=\"async\" class=\"alignright size-medium wp-image-186159\" src=\"http:\/\/www.sana.sy\/tr\/wp-content\/uploads\/2019\/07\/12-300x200.jpg\" alt=\"\" width=\"300\" height=\"200\" srcset=\"https:\/\/archive.sana.sy\/tr\/wp-content\/uploads\/2019\/07\/12-300x200.jpg 300w, https:\/\/archive.sana.sy\/tr\/wp-content\/uploads\/2019\/07\/12-150x100.jpg 150w, https:\/\/archive.sana.sy\/tr\/wp-content\/uploads\/2019\/07\/12-768x512.jpg 768w, https:\/\/archive.sana.sy\/tr\/wp-content\/uploads\/2019\/07\/12-1024x683.jpg 1024w\" sizes=\"auto, (max-width: 300px) 100vw, 300px\" \/><\/a><\/p>\n<p style=\"text-align: justify;\">SANA muhabiri Halep bat\u0131 k\u0131rsal\u0131nda konu\u015flanan ter\u00f6rist gruplar\u0131n roketli f\u00fczelerle bu ak\u015fam Yeni Halep ve Minyan Semtlerini hedef alamalar\u0131 sonucunda 6 sivilin \u015fehit d\u00fc\u015ft\u00fc\u011f\u00fcn\u00fc 8 ki\u015finin de yaraland\u0131\u011f\u0131n\u0131 s\u00f6yledi.<\/p>\n<p style=\"text-align: justify;\">Muhabir, yaral\u0131lar\u0131n tedavi edilmek \u00fczere hastaneye kald\u0131r\u0131ld\u0131klar\u0131na dikkat \u00e7ekti.<\/p>\n<p>&nbsp;<\/p>\n<p style=\"text-align: justify;\">Muhabir daha \u00f6nce de \u015fehrin bat\u0131s\u0131nda yuvalanan ter\u00f6rist gruplar\u0131n \u015fehri bir roketli f\u00fczeyle hedef ald\u0131klar\u0131n\u0131 ve bir \u00e7ocu\u011fun hafif yaralanmas\u0131na neden oldu\u011funu s\u00f6ylemi\u015fti.<\/p>\n<p style=\"text-align: justify;\">Muhabir, yaralanan k\u00e7\u00fck k\u0131z \u00e7ocu\u011funun tedavi i\u00e7in Razi hastanesine kald\u0131r\u0131ld\u0131\u011f\u0131n\u0131 a\u00e7\u0131klad\u0131.<\/p>\n<p>\u00c7eviri: S.\u015eahut<\/p>\n<div id='gallery-1' class='gallery galleryid-186157 gallery-columns-3 gallery-size-full'><figure class='gallery-item'>\n\t\t\t<div class='gallery-icon landscape'>\n\t\t\t\t<a href='https:\/\/archive.sana.sy\/tr\/wp-content\/uploads\/2019\/07\/15.jpg'><img loading=\"lazy\" decoding=\"async\" width=\"3543\" height=\"2363\" src=\"https:\/\/archive.sana.sy\/tr\/wp-content\/uploads\/2019\/07\/15.jpg\" class=\"attachment-full size-full\" alt=\"\" srcset=\"https:\/\/archive.sana.sy\/tr\/wp-content\/uploads\/2019\/07\/15.jpg 3543w, https:\/\/archive.sana.sy\/tr\/wp-content\/uploads\/2019\/07\/15-150x100.jpg 150w, https:\/\/archive.sana.sy\/tr\/wp-content\/uploads\/2019\/07\/15-300x200.jpg 300w, https:\/\/archive.sana.sy\/tr\/wp-content\/uploads\/2019\/07\/15-768x512.jpg 768w, https:\/\/archive.sana.sy\/tr\/wp-content\/uploads\/2019\/07\/15-1024x683.jpg 1024w\" sizes=\"auto, (max-width: 3543px) 100vw, 3543px\" \/><\/a>\n\t\t\t<\/div><\/figure><figure class='gallery-item'>\n\t\t\t<div class='gallery-icon landscape'>\n\t\t\t\t<a href='https:\/\/archive.sana.sy\/tr\/wp-content\/uploads\/2019\/07\/14.jpg'><img loading=\"lazy\" decoding=\"async\" width=\"3543\" height=\"2363\" src=\"https:\/\/archive.sana.sy\/tr\/wp-content\/uploads\/2019\/07\/14.jpg\" class=\"attachment-full size-full\" alt=\"\" srcset=\"https:\/\/archive.sana.sy\/tr\/wp-content\/uploads\/2019\/07\/14.jpg 3543w, https:\/\/archive.sana.sy\/tr\/wp-content\/uploads\/2019\/07\/14-150x100.jpg 150w, https:\/\/archive.sana.sy\/tr\/wp-content\/uploads\/2019\/07\/14-300x200.jpg 300w, https:\/\/archive.sana.sy\/tr\/wp-content\/uploads\/2019\/07\/14-768x512.jpg 768w, https:\/\/archive.sana.sy\/tr\/wp-content\/uploads\/2019\/07\/14-1024x683.jpg 1024w\" sizes=\"auto, (max-width: 3543px) 100vw, 3543px\" \/><\/a>\n\t\t\t<\/div><\/figure><figure class='gallery-item'>\n\t\t\t<div class='gallery-icon landscape'>\n\t\t\t\t<a href='https:\/\/archive.sana.sy\/tr\/wp-content\/uploads\/2019\/07\/13.jpg'><img loading=\"lazy\" decoding=\"async\" width=\"3543\" height=\"2362\" src=\"https:\/\/archive.sana.sy\/tr\/wp-content\/uploads\/2019\/07\/13.jpg\" class=\"attachment-full size-full\" alt=\"\" srcset=\"https:\/\/archive.sana.sy\/tr\/wp-content\/uploads\/2019\/07\/13.jpg 3543w, https:\/\/archive.sana.sy\/tr\/wp-content\/uploads\/2019\/07\/13-150x100.jpg 150w, https:\/\/archive.sana.sy\/tr\/wp-content\/uploads\/2019\/07\/13-300x200.jpg 300w, https:\/\/archive.sana.sy\/tr\/wp-content\/uploads\/2019\/07\/13-768x512.jpg 768w, https:\/\/archive.sana.sy\/tr\/wp-content\/uploads\/2019\/07\/13-1024x683.jpg 1024w\" sizes=\"auto, (max-width: 3543px) 100vw, 3543px\" \/><\/a>\n\t\t\t<\/div><\/figure>\n\t\t<\/div>\n\n","protected":false},"excerpt":{"rendered":"<p>HALEP \u2013 Gaddar ter\u00f6rist gruplar\u0131n roketli f\u00fczelerle masum sivil insanlar\u0131n ya\u015fad\u0131klar\u0131 semtleri hedef almas\u0131 sonucunda 6 sivil \u015fehit d\u00fc\u015ft\u00fc 9 ki\u015fi de yaraland\u0131. SANA muhabiri Halep bat\u0131 k\u0131rsal\u0131nda konu\u015flanan ter\u00f6rist gruplar\u0131n roketli f\u00fczelerle bu ak\u015fam Yeni Halep ve Minyan Semtlerini hedef alamalar\u0131 sonucunda 6 sivilin \u015fehit d\u00fc\u015ft\u00fc\u011f\u00fcn\u00fc 8 ki\u015finin de yaraland\u0131\u011f\u0131n\u0131 s\u00f6yledi. Muhabir, yaral\u0131lar\u0131n tedavi &hellip;<\/p>\n","protected":false},"author":1,"featured_media":186158,"comment_status":"closed","ping_status":"closed","sticky":false,"template":"","format":"standard","meta":{"footnotes":""},"categories":[479,575,17988,478],"tags":[],"class_list":["post-186157","post","type-post","status-publish","format-standard","has-post-thumbnail","","category-haberler-yerel","category-olaylar-ve-gercekler","category-son-haberler","category-yerel"],"_links":{"self":[{"href":"https:\/\/archive.sana.sy\/tr\/index.php?rest_route=\/wp\/v2\/posts\/186157","targetHints":{"allow":["GET"]}}],"collection":[{"href":"https:\/\/archive.sana.sy\/tr\/index.php?rest_route=\/wp\/v2\/posts"}],"about":[{"href":"https:\/\/archive.sana.sy\/tr\/index.php?rest_route=\/wp\/v2\/types\/post"}],"author":[{"embeddable":true,"href":"https:\/\/archive.sana.sy\/tr\/index.php?rest_route=\/wp\/v2\/users\/1"}],"replies":[{"embeddable":true,"href":"https:\/\/archive.sana.sy\/tr\/index.php?rest_route=%2Fwp%2Fv2%2Fcomments&post=186157"}],"version-history":[{"count":0,"href":"https:\/\/archive.sana.sy\/tr\/index.php?rest_route=\/wp\/v2\/posts\/186157\/revisions"}],"wp:featuredmedia":[{"embeddable":true,"href":"https:\/\/archive.sana.sy\/tr\/index.php?rest_route=\/wp\/v2\/media\/186158"}],"wp:attachment":[{"href":"https:\/\/archive.sana.sy\/tr\/index.php?rest_route=%2Fwp%2Fv2%2Fmedia&parent=186157"}],"wp:term":[{"taxonomy":"category","embeddable":true,"href":"https:\/\/archive.sana.sy\/tr\/index.php?rest_route=%2Fwp%2Fv2%2Fcategories&post=186157"},{"taxonomy":"post_tag","embeddable":true,"href":"https:\/\/archive.sana.sy\/tr\/index.php?rest_route=%2Fwp%2Fv2%2Ftags&post=186157"}],"curies":[{"name":"wp","href":"https:\/\/api.w.org\/{rel}","templated":true}]}}