{"id":186167,"date":"2019-07-14T22:17:18","date_gmt":"2019-07-14T19:17:18","guid":{"rendered":"http:\/\/www.sana.sy\/tr\/?p=186167"},"modified":"2019-07-15T15:29:10","modified_gmt":"2019-07-15T12:29:10","slug":"turkiyenin-guneydogusunda-cikan-catismalarda-3-asker-oldu","status":"publish","type":"post","link":"https:\/\/archive.sana.sy\/tr\/?p=186167","title":{"rendered":"T\u00fcrkiye&#8217;nin G\u00fcneydo\u011fusunda \u00c7\u0131kan \u00c7at\u0131\u015fmalarda 3 Asker \u00d6ld\u00fc"},"content":{"rendered":"<p style=\"text-align: justify;\">ANKARA \u2013 T\u00fcrkiye&#8217;nin g\u00fcneydo\u011fu anadolu b\u00f6lgesinde bug\u00fcn silahl\u0131 ki\u015filerle ya\u015fanan \u00e7at\u0131\u015fmada 3 T\u00fcrk askeri \u00f6ld\u00fc.<\/p>\n<p style=\"text-align: justify;\">T\u00fcrk medya kaynaklar\u0131, \u00e7at\u0131\u015fmalar\u0131n T\u00fcrk rejim kuvvetleriyle silahl\u0131lar aras\u0131nda Hakkari \u015fehrinin k\u0131rsal b\u00f6lgelerinde meydana geldi\u011fini ve bunun sonucunda 3 T\u00fcrk askerinin \u00f6ld\u00fc\u011f\u00fcn\u00fc ifade etti.<\/p>\n<p>\u00c7eviri:S.\u015eahut<\/p>\n","protected":false},"excerpt":{"rendered":"<p>ANKARA \u2013 T\u00fcrkiye&#8217;nin g\u00fcneydo\u011fu anadolu b\u00f6lgesinde bug\u00fcn silahl\u0131 ki\u015filerle ya\u015fanan \u00e7at\u0131\u015fmada 3 T\u00fcrk askeri \u00f6ld\u00fc. T\u00fcrk medya kaynaklar\u0131, \u00e7at\u0131\u015fmalar\u0131n T\u00fcrk rejim kuvvetleriyle silahl\u0131lar aras\u0131nda Hakkari \u015fehrinin k\u0131rsal b\u00f6lgelerinde meydana geldi\u011fini ve bunun sonucunda 3 T\u00fcrk askerinin \u00f6ld\u00fc\u011f\u00fcn\u00fc ifade etti. \u00c7eviri:S.\u015eahut<\/p>\n","protected":false},"author":1,"featured_media":186168,"comment_status":"closed","ping_status":"closed","sticky":false,"template":"","format":"standard","meta":{"footnotes":""},"categories":[17988,2554,2555],"tags":[],"class_list":["post-186167","post","type-post","status-publish","format-standard","has-post-thumbnail","","category-son-haberler","category-suriye-ve-dunya","category-suriye-ve-turkiye"],"_links":{"self":[{"href":"https:\/\/archive.sana.sy\/tr\/index.php?rest_route=\/wp\/v2\/posts\/186167","targetHints":{"allow":["GET"]}}],"collection":[{"href":"https:\/\/archive.sana.sy\/tr\/index.php?rest_route=\/wp\/v2\/posts"}],"about":[{"href":"https:\/\/archive.sana.sy\/tr\/index.php?rest_route=\/wp\/v2\/types\/post"}],"author":[{"embeddable":true,"href":"https:\/\/archive.sana.sy\/tr\/index.php?rest_route=\/wp\/v2\/users\/1"}],"replies":[{"embeddable":true,"href":"https:\/\/archive.sana.sy\/tr\/index.php?rest_route=%2Fwp%2Fv2%2Fcomments&post=186167"}],"version-history":[{"count":0,"href":"https:\/\/archive.sana.sy\/tr\/index.php?rest_route=\/wp\/v2\/posts\/186167\/revisions"}],"wp:featuredmedia":[{"embeddable":true,"href":"https:\/\/archive.sana.sy\/tr\/index.php?rest_route=\/wp\/v2\/media\/186168"}],"wp:attachment":[{"href":"https:\/\/archive.sana.sy\/tr\/index.php?rest_route=%2Fwp%2Fv2%2Fmedia&parent=186167"}],"wp:term":[{"taxonomy":"category","embeddable":true,"href":"https:\/\/archive.sana.sy\/tr\/index.php?rest_route=%2Fwp%2Fv2%2Fcategories&post=186167"},{"taxonomy":"post_tag","embeddable":true,"href":"https:\/\/archive.sana.sy\/tr\/index.php?rest_route=%2Fwp%2Fv2%2Ftags&post=186167"}],"curies":[{"name":"wp","href":"https:\/\/api.w.org\/{rel}","templated":true}]}}