{"id":186170,"date":"2019-07-14T21:19:03","date_gmt":"2019-07-14T18:19:03","guid":{"rendered":"http:\/\/sana.sy\/tr\/?p=186170"},"modified":"2019-07-15T15:11:51","modified_gmt":"2019-07-15T12:11:51","slug":"asur-hikayesi-derin-suriye-folklorunu-yansitan-entellektuel-ve-lirik-faaliyet","status":"publish","type":"post","link":"https:\/\/archive.sana.sy\/tr\/?p=186170","title":{"rendered":"Asur Hikayesi.. Derin Suriye Folklor\u00fcn\u00fc Yans\u0131tan Entellekt\u00fcel ve Lirik Faaliyet"},"content":{"rendered":"<p style=\"text-align: justify;\">\u015eAM &#8211; Suriye&#8217;nin k\u00fclt\u00fcrel kimli\u011fini tan\u0131tmak, edebiyat ve sanat alan\u0131ndaki yarat\u0131c\u0131l\u0131\u011f\u0131 ve yenilik\u00e7ileri te\u015fvik etmek, medeniyetlerin diyalo\u011funa ve entelekt\u00fcel miras\u0131n korunmas\u0131na katk\u0131da bulunmak hedefiyle, Biladi (\u00fclkem) Cemiyeti &#8220;Asur hikayesi&#8221; ba\u015fl\u0131kl\u0131 k\u00fclt\u00fcrel ve sanatsal bir etkinlik d\u00fczenledi.<\/p>\n<p style=\"text-align: justify;\">Eski \u015eam\u2019da Mustafa Ali Galeri\u2019nin ev sahipli\u011fi yapt\u0131\u011f\u0131 etkinlikte tarih\u00e7i ara\u015ft\u0131rmac\u0131 Abdulmesih Aziz, Asur dilinde \u201c\u015ealama al-Khoukam \u015ealama Akokam\u201d (Selam\u00fcn Aleyk\u00fcm ve Sizlere Selam) kelimeleriyle misafirleri selamlayarak, binlerce y\u0131l boyunca s\u00fcren Asur tarihine \u0131\u015f\u0131k tuttu.<\/p>\n<p style=\"text-align: justify;\">Asur diliyle bir \u015fiir okuyan Aziz \u015firde, binlerce y\u0131l \u00f6nce burada bir cennet vard\u0131. Bu gecede buraya Asur arabas\u0131yla geri d\u00f6nece\u011fiz&#8221; dedi ve Asur Asur dilinde ba\u015flang\u0131\u00e7 veya Allah&#8217;u tealan\u0131n adlar\u0131ndan bir olan el Badi anlam\u0131na geldi\u011fini, Asurlular\u0131n insanl\u0131k medeniyet tarihine giren ilk olduklar\u0131n\u0131 ve medeniyetlerin onlardan do\u011fdu\u011funu sonralar\u0131nda Firavunlar, Grekler (Yunanl\u0131lar), Romenler, Farslar, Hint ve \u00c7inlilerin geldi\u011fine dikkat \u00e7ekti.<\/p>\n<p style=\"text-align: justify;\">Asurlular\u0131n Fars bilad\u0131ndan Akdenize K\u0131br\u0131s adas\u0131na, kuzeyde de Ermenistan g\u00fcneyde de Arap K\u00f6rfezi ve lakab\u0131n\u0131 Firdevs veya hayat topra\u011f\u0131 olarak verdikleri Bahreyn&#8217;deki Delmun adas\u0131na kadar uzanan geni\u015f co\u011frafyada ya\u015fad\u0131klar\u0131na dikkat \u00e7ekti.<\/p>\n<p>\u00c7eviri:S.\u015eahut<\/p>\n","protected":false},"excerpt":{"rendered":"<p>\u015eAM &#8211; Suriye&#8217;nin k\u00fclt\u00fcrel kimli\u011fini tan\u0131tmak, edebiyat ve sanat alan\u0131ndaki yarat\u0131c\u0131l\u0131\u011f\u0131 ve yenilik\u00e7ileri te\u015fvik etmek, medeniyetlerin diyalo\u011funa ve entelekt\u00fcel miras\u0131n korunmas\u0131na katk\u0131da bulunmak hedefiyle, Biladi (\u00fclkem) Cemiyeti &#8220;Asur hikayesi&#8221; ba\u015fl\u0131kl\u0131 k\u00fclt\u00fcrel ve sanatsal bir etkinlik d\u00fczenledi. Eski \u015eam\u2019da Mustafa Ali Galeri\u2019nin ev sahipli\u011fi yapt\u0131\u011f\u0131 etkinlikte tarih\u00e7i ara\u015ft\u0131rmac\u0131 Abdulmesih Aziz, Asur dilinde \u201c\u015ealama al-Khoukam \u015ealama Akokam\u201d &hellip;<\/p>\n","protected":false},"author":1,"featured_media":186171,"comment_status":"closed","ping_status":"closed","sticky":false,"template":"","format":"standard","meta":{"footnotes":""},"categories":[516,511,17988],"tags":[],"class_list":["post-186170","post","type-post","status-publish","format-standard","has-post-thumbnail","","category-haberler-kultur-ve-sanat","category-kultur-ve-sanat","category-son-haberler"],"_links":{"self":[{"href":"https:\/\/archive.sana.sy\/tr\/index.php?rest_route=\/wp\/v2\/posts\/186170","targetHints":{"allow":["GET"]}}],"collection":[{"href":"https:\/\/archive.sana.sy\/tr\/index.php?rest_route=\/wp\/v2\/posts"}],"about":[{"href":"https:\/\/archive.sana.sy\/tr\/index.php?rest_route=\/wp\/v2\/types\/post"}],"author":[{"embeddable":true,"href":"https:\/\/archive.sana.sy\/tr\/index.php?rest_route=\/wp\/v2\/users\/1"}],"replies":[{"embeddable":true,"href":"https:\/\/archive.sana.sy\/tr\/index.php?rest_route=%2Fwp%2Fv2%2Fcomments&post=186170"}],"version-history":[{"count":0,"href":"https:\/\/archive.sana.sy\/tr\/index.php?rest_route=\/wp\/v2\/posts\/186170\/revisions"}],"wp:featuredmedia":[{"embeddable":true,"href":"https:\/\/archive.sana.sy\/tr\/index.php?rest_route=\/wp\/v2\/media\/186171"}],"wp:attachment":[{"href":"https:\/\/archive.sana.sy\/tr\/index.php?rest_route=%2Fwp%2Fv2%2Fmedia&parent=186170"}],"wp:term":[{"taxonomy":"category","embeddable":true,"href":"https:\/\/archive.sana.sy\/tr\/index.php?rest_route=%2Fwp%2Fv2%2Fcategories&post=186170"},{"taxonomy":"post_tag","embeddable":true,"href":"https:\/\/archive.sana.sy\/tr\/index.php?rest_route=%2Fwp%2Fv2%2Ftags&post=186170"}],"curies":[{"name":"wp","href":"https:\/\/api.w.org\/{rel}","templated":true}]}}