{"id":18618,"date":"2014-12-21T13:47:42","date_gmt":"2014-12-21T11:47:42","guid":{"rendered":"http:\/\/www.sana.sy\/tr\/?p=18618"},"modified":"2014-12-21T13:47:42","modified_gmt":"2014-12-21T11:47:42","slug":"ordu-yaralilarina-gelir-kaynagi-destegi","status":"publish","type":"post","link":"https:\/\/archive.sana.sy\/tr\/?p=18618","title":{"rendered":"Ordu Yaral\u0131lar\u0131na Gelir Kayna\u011f\u0131 Deste\u011fi"},"content":{"rendered":"<p>HAMA \u2013 Hama \u0130linde \u011eap \u0130dari ve Kalk\u0131nma Kurumu ter\u00f6re kar\u015f\u0131 sava\u015fta yaralan\u0131p engelli olan askerlere daimi gelir getirecek k\u00fc\u00e7\u00fck ve orta projeler kurma deste\u011fi ba\u015flatt\u0131.<\/p>\n<p>Hama k\u0131rsal\u0131 \u011eab B\u00f6lgesinde yaral\u0131 askerleri evlerinde ziyaret eden Hama Valisi \u011eassan Halef; askerlerin vatan ve vatanda\u015flar\u0131 savunmada canlar\u0131n\u0131 ve kanlar\u0131n\u0131 ortaya koyduklar\u0131na i\u015faret ederken; \u015fimdi de engelli haline gelen bu gazilerimize onurlu bir ya\u015fam i\u00e7in gelir kayna\u011f\u0131 temin edecek projelerde desteklemenin vacip oldu\u011funu s\u00f6yledi.<\/p>\n<p>Valiye ziyaretinde e\u015flik eden Kurum M\u00fcd\u00fcr\u00fc Gazi el Azzi; kurumun Hama k\u0131rsal\u0131n\u0131n muhtelif b\u00f6lgelerinde askerlere maddi ve sosyal deste\u011fin devam edece\u011fini belirtti.<\/p>\n<div id='gallery-1' class='gallery galleryid-18618 gallery-columns-2 gallery-size-thumbnail'><figure class='gallery-item'>\n\t\t\t<div class='gallery-icon landscape'>\n\t\t\t\t<a href='https:\/\/archive.sana.sy\/tr\/wp-content\/uploads\/2014\/12\/Hama-21.jpg'><img loading=\"lazy\" decoding=\"async\" width=\"150\" height=\"89\" src=\"https:\/\/archive.sana.sy\/tr\/wp-content\/uploads\/2014\/12\/Hama-21-150x89.jpg\" class=\"attachment-thumbnail size-thumbnail\" alt=\"\" srcset=\"https:\/\/archive.sana.sy\/tr\/wp-content\/uploads\/2014\/12\/Hama-21-150x89.jpg 150w, https:\/\/archive.sana.sy\/tr\/wp-content\/uploads\/2014\/12\/Hama-21-300x178.jpg 300w, https:\/\/archive.sana.sy\/tr\/wp-content\/uploads\/2014\/12\/Hama-21-1024x606.jpg 1024w, https:\/\/archive.sana.sy\/tr\/wp-content\/uploads\/2014\/12\/Hama-21.jpg 1344w\" sizes=\"auto, (max-width: 150px) 100vw, 150px\" \/><\/a>\n\t\t\t<\/div><\/figure><figure class='gallery-item'>\n\t\t\t<div class='gallery-icon landscape'>\n\t\t\t\t<a href='https:\/\/archive.sana.sy\/tr\/wp-content\/uploads\/2014\/12\/Hama-31.jpg'><img loading=\"lazy\" decoding=\"async\" width=\"150\" height=\"93\" src=\"https:\/\/archive.sana.sy\/tr\/wp-content\/uploads\/2014\/12\/Hama-31-150x93.jpg\" class=\"attachment-thumbnail size-thumbnail\" alt=\"\" srcset=\"https:\/\/archive.sana.sy\/tr\/wp-content\/uploads\/2014\/12\/Hama-31-150x93.jpg 150w, https:\/\/archive.sana.sy\/tr\/wp-content\/uploads\/2014\/12\/Hama-31-300x185.jpg 300w, https:\/\/archive.sana.sy\/tr\/wp-content\/uploads\/2014\/12\/Hama-31-1024x632.jpg 1024w, https:\/\/archive.sana.sy\/tr\/wp-content\/uploads\/2014\/12\/Hama-31.jpg 1426w\" sizes=\"auto, (max-width: 150px) 100vw, 150px\" \/><\/a>\n\t\t\t<\/div><\/figure>\n\t\t<\/div>\n\n","protected":false},"excerpt":{"rendered":"<p>HAMA \u2013 Hama \u0130linde \u011eap \u0130dari ve Kalk\u0131nma Kurumu ter\u00f6re kar\u015f\u0131 sava\u015fta yaralan\u0131p engelli olan askerlere daimi gelir getirecek k\u00fc\u00e7\u00fck ve orta projeler kurma deste\u011fi ba\u015flatt\u0131. Hama k\u0131rsal\u0131 \u011eab B\u00f6lgesinde yaral\u0131 askerleri evlerinde ziyaret eden Hama Valisi \u011eassan Halef; askerlerin vatan ve vatanda\u015flar\u0131 savunmada canlar\u0131n\u0131 ve kanlar\u0131n\u0131 ortaya koyduklar\u0131na i\u015faret ederken; \u015fimdi de engelli haline &hellip;<\/p>\n","protected":false},"author":1,"featured_media":18619,"comment_status":"closed","ping_status":"closed","sticky":false,"template":"","format":"standard","meta":{"footnotes":""},"categories":[526,525],"tags":[8642],"class_list":["post-18618","post","type-post","status-publish","format-standard","has-post-thumbnail","","category-haber-ve-raporlar","category-toplum","tag-ordu-yaralilarina-gelir-kaynagi-destegi-hama-hama-ilinde-gap-idari-ve-kalkinma-kurumu-terore-karsi-savasta-yaralanip-engelli-olan-askerlere-daimi-gelir-getirecek-kucuk-ve-orta-projeler-kurma"],"_links":{"self":[{"href":"https:\/\/archive.sana.sy\/tr\/index.php?rest_route=\/wp\/v2\/posts\/18618","targetHints":{"allow":["GET"]}}],"collection":[{"href":"https:\/\/archive.sana.sy\/tr\/index.php?rest_route=\/wp\/v2\/posts"}],"about":[{"href":"https:\/\/archive.sana.sy\/tr\/index.php?rest_route=\/wp\/v2\/types\/post"}],"author":[{"embeddable":true,"href":"https:\/\/archive.sana.sy\/tr\/index.php?rest_route=\/wp\/v2\/users\/1"}],"replies":[{"embeddable":true,"href":"https:\/\/archive.sana.sy\/tr\/index.php?rest_route=%2Fwp%2Fv2%2Fcomments&post=18618"}],"version-history":[{"count":0,"href":"https:\/\/archive.sana.sy\/tr\/index.php?rest_route=\/wp\/v2\/posts\/18618\/revisions"}],"wp:featuredmedia":[{"embeddable":true,"href":"https:\/\/archive.sana.sy\/tr\/index.php?rest_route=\/wp\/v2\/media\/18619"}],"wp:attachment":[{"href":"https:\/\/archive.sana.sy\/tr\/index.php?rest_route=%2Fwp%2Fv2%2Fmedia&parent=18618"}],"wp:term":[{"taxonomy":"category","embeddable":true,"href":"https:\/\/archive.sana.sy\/tr\/index.php?rest_route=%2Fwp%2Fv2%2Fcategories&post=18618"},{"taxonomy":"post_tag","embeddable":true,"href":"https:\/\/archive.sana.sy\/tr\/index.php?rest_route=%2Fwp%2Fv2%2Ftags&post=18618"}],"curies":[{"name":"wp","href":"https:\/\/api.w.org\/{rel}","templated":true}]}}