{"id":186185,"date":"2019-07-15T12:35:47","date_gmt":"2019-07-15T09:35:47","guid":{"rendered":"http:\/\/www.sana.sy\/tr\/?p=186185"},"modified":"2019-07-15T13:43:08","modified_gmt":"2019-07-15T10:43:08","slug":"halep-kentinde-duzenlenen-alisveris-festivalinde-25-sirketin-katilimi-kaydedildi","status":"publish","type":"post","link":"https:\/\/archive.sana.sy\/tr\/?p=186185","title":{"rendered":"Halep Kentinde d\u00fczenlenen al\u0131\u015fveri\u015f festivalinde 25 \u015firketin kat\u0131l\u0131m\u0131 kaydedildi"},"content":{"rendered":"<p>Halep Kentinde d\u00fczenlenen al\u0131\u015fveri\u015f festivalinde 25 \u015firketin kat\u0131l\u0131m\u0131 kaydedildi<\/p>\n<p><iframe loading=\"lazy\" title=\"25 \u0634\u0631\u0643\u0629 \u0641\u064a \u0645\u0647\u0631\u062c\u0627\u0646 \u062d\u0644\u0628 \u0644\u0644\u062a\u0633\u0648\u0642\" width=\"618\" height=\"348\" src=\"https:\/\/www.youtube.com\/embed\/u0Rhrg6-920?feature=oembed\" frameborder=\"0\" allow=\"accelerometer; autoplay; clipboard-write; encrypted-media; gyroscope; picture-in-picture; web-share\" referrerpolicy=\"strict-origin-when-cross-origin\" allowfullscreen><\/iframe><\/p>\n","protected":false},"excerpt":{"rendered":"<p>Halep Kentinde d\u00fczenlenen al\u0131\u015fveri\u015f festivalinde 25 \u015firketin kat\u0131l\u0131m\u0131 kaydedildi<\/p>\n","protected":false},"author":1,"featured_media":186186,"comment_status":"closed","ping_status":"closed","sticky":false,"template":"","format":"standard","meta":{"footnotes":""},"categories":[18295],"tags":[],"class_list":["post-186185","post","type-post","status-publish","format-standard","has-post-thumbnail","","category-sana-video"],"_links":{"self":[{"href":"https:\/\/archive.sana.sy\/tr\/index.php?rest_route=\/wp\/v2\/posts\/186185","targetHints":{"allow":["GET"]}}],"collection":[{"href":"https:\/\/archive.sana.sy\/tr\/index.php?rest_route=\/wp\/v2\/posts"}],"about":[{"href":"https:\/\/archive.sana.sy\/tr\/index.php?rest_route=\/wp\/v2\/types\/post"}],"author":[{"embeddable":true,"href":"https:\/\/archive.sana.sy\/tr\/index.php?rest_route=\/wp\/v2\/users\/1"}],"replies":[{"embeddable":true,"href":"https:\/\/archive.sana.sy\/tr\/index.php?rest_route=%2Fwp%2Fv2%2Fcomments&post=186185"}],"version-history":[{"count":0,"href":"https:\/\/archive.sana.sy\/tr\/index.php?rest_route=\/wp\/v2\/posts\/186185\/revisions"}],"wp:featuredmedia":[{"embeddable":true,"href":"https:\/\/archive.sana.sy\/tr\/index.php?rest_route=\/wp\/v2\/media\/186186"}],"wp:attachment":[{"href":"https:\/\/archive.sana.sy\/tr\/index.php?rest_route=%2Fwp%2Fv2%2Fmedia&parent=186185"}],"wp:term":[{"taxonomy":"category","embeddable":true,"href":"https:\/\/archive.sana.sy\/tr\/index.php?rest_route=%2Fwp%2Fv2%2Fcategories&post=186185"},{"taxonomy":"post_tag","embeddable":true,"href":"https:\/\/archive.sana.sy\/tr\/index.php?rest_route=%2Fwp%2Fv2%2Ftags&post=186185"}],"curies":[{"name":"wp","href":"https:\/\/api.w.org\/{rel}","templated":true}]}}