{"id":186196,"date":"2019-07-15T12:15:14","date_gmt":"2019-07-15T09:15:14","guid":{"rendered":"http:\/\/www.sana.sy\/tr\/?p=186196"},"modified":"2019-07-18T16:28:31","modified_gmt":"2019-07-18T13:28:31","slug":"pragda-kralice-zenubyanin-hayatini-anlatan-yeni-bir-kitap-yayinlandi","status":"publish","type":"post","link":"https:\/\/archive.sana.sy\/tr\/?p=186196","title":{"rendered":"Prag\u2019da Krali\u00e7e Zenubya\u2019n\u0131n Hayat\u0131n\u0131 Anlatan Yeni Bir Kitap Yay\u0131nland\u0131"},"content":{"rendered":"<p>PRAG \u2013 \u00c7ek Ba\u015fkenti Prag\u2019da \u00c7ek yazar Jiri Tomek antik Palmira\u2019n\u0131n \u00fcnl\u00fc krali\u00e7e Zenubya hakk\u0131nda \u00a0yeni bir kitap yay\u0131nlad\u0131.<\/p>\n<p>\u201cKrali\u00e7e Zenubya\u201d adl\u0131 ve 400 sayfadan olu\u015fan kitapta; Zenubya\u2019n\u0131n hay\u0131t\u0131ndan bahsedilirken, M.S. \u00fc\u00e7\u00fcnc\u00fc y\u00fczy\u0131l\u0131nda b\u00fcy\u00fck topraklara sahip olan Tedmur Krall\u0131\u011f\u0131n\u0131 h\u00fckmetti\u011fini ve Roma \u0130mparatorlu\u011funa kar\u015f\u0131 m\u00fccadelesini anlat\u0131l\u0131yor.<\/p>\n<p>Yazar Jiri; Zenubya\u2019n\u0131n Roma\u2019ya kar\u015f\u0131 sava\u015f\u0131n\u0131 kaybetti\u011fine ra\u011fmen,\u00a0 g\u00f6sterdi\u011fi istisnal\u0131 cesarettle Romal\u0131 H\u00fck\u00fcmdarlar\u0131n\u0131n sayg\u0131n\u0131 kazand\u0131\u011f\u0131n\u0131 belirtirken bug\u00fcne kadar bir\u00e7ok sanat\u00e7\u0131lar\u0131n ilham kayna\u011f\u0131 oldu\u011funu kaydediyor.<\/p>\n<p>\u00c7eviri: P.M.<\/p>\n","protected":false},"excerpt":{"rendered":"<p>PRAG \u2013 \u00c7ek Ba\u015fkenti Prag\u2019da \u00c7ek yazar Jiri Tomek antik Palmira\u2019n\u0131n \u00fcnl\u00fc krali\u00e7e Zenubya hakk\u0131nda \u00a0yeni bir kitap yay\u0131nlad\u0131. \u201cKrali\u00e7e Zenubya\u201d adl\u0131 ve 400 sayfadan olu\u015fan kitapta; Zenubya\u2019n\u0131n hay\u0131t\u0131ndan bahsedilirken, M.S. \u00fc\u00e7\u00fcnc\u00fc y\u00fczy\u0131l\u0131nda b\u00fcy\u00fck topraklara sahip olan Tedmur Krall\u0131\u011f\u0131n\u0131 h\u00fckmetti\u011fini ve Roma \u0130mparatorlu\u011funa kar\u015f\u0131 m\u00fccadelesini anlat\u0131l\u0131yor. Yazar Jiri; Zenubya\u2019n\u0131n Roma\u2019ya kar\u015f\u0131 sava\u015f\u0131n\u0131 kaybetti\u011fine ra\u011fmen,\u00a0 g\u00f6sterdi\u011fi &hellip;<\/p>\n","protected":false},"author":1,"featured_media":186197,"comment_status":"closed","ping_status":"closed","sticky":false,"template":"","format":"standard","meta":{"footnotes":""},"categories":[516,511,17988],"tags":[],"class_list":["post-186196","post","type-post","status-publish","format-standard","has-post-thumbnail","","category-haberler-kultur-ve-sanat","category-kultur-ve-sanat","category-son-haberler"],"_links":{"self":[{"href":"https:\/\/archive.sana.sy\/tr\/index.php?rest_route=\/wp\/v2\/posts\/186196","targetHints":{"allow":["GET"]}}],"collection":[{"href":"https:\/\/archive.sana.sy\/tr\/index.php?rest_route=\/wp\/v2\/posts"}],"about":[{"href":"https:\/\/archive.sana.sy\/tr\/index.php?rest_route=\/wp\/v2\/types\/post"}],"author":[{"embeddable":true,"href":"https:\/\/archive.sana.sy\/tr\/index.php?rest_route=\/wp\/v2\/users\/1"}],"replies":[{"embeddable":true,"href":"https:\/\/archive.sana.sy\/tr\/index.php?rest_route=%2Fwp%2Fv2%2Fcomments&post=186196"}],"version-history":[{"count":0,"href":"https:\/\/archive.sana.sy\/tr\/index.php?rest_route=\/wp\/v2\/posts\/186196\/revisions"}],"wp:featuredmedia":[{"embeddable":true,"href":"https:\/\/archive.sana.sy\/tr\/index.php?rest_route=\/wp\/v2\/media\/186197"}],"wp:attachment":[{"href":"https:\/\/archive.sana.sy\/tr\/index.php?rest_route=%2Fwp%2Fv2%2Fmedia&parent=186196"}],"wp:term":[{"taxonomy":"category","embeddable":true,"href":"https:\/\/archive.sana.sy\/tr\/index.php?rest_route=%2Fwp%2Fv2%2Fcategories&post=186196"},{"taxonomy":"post_tag","embeddable":true,"href":"https:\/\/archive.sana.sy\/tr\/index.php?rest_route=%2Fwp%2Fv2%2Ftags&post=186196"}],"curies":[{"name":"wp","href":"https:\/\/api.w.org\/{rel}","templated":true}]}}