{"id":186204,"date":"2019-07-15T12:50:46","date_gmt":"2019-07-15T09:50:46","guid":{"rendered":"http:\/\/www.sana.sy\/tr\/?p=186204"},"modified":"2019-08-20T14:59:26","modified_gmt":"2019-08-20T11:59:26","slug":"savas-yillarinda-ekonomik-calismalara-isik-tutuluyor","status":"publish","type":"post","link":"https:\/\/archive.sana.sy\/tr\/?p=186204","title":{"rendered":"Sava\u015f Y\u0131llar\u0131nda Ekonomik \u00c7al\u0131\u015fmalara I\u015f\u0131k Tutuluyor"},"content":{"rendered":"<p>\u015eAM \u2013 Suriye ve halk\u0131na y\u00f6nelik sekiz y\u0131ldan fazla s\u00fcredir devam eden muhtelif y\u00f6nl\u00fc sava\u015fta y\u00fcr\u00fct\u00fclen ekonomik \u00e7al\u0131\u015fmalara \u0131\u015f\u0131k tutma amac\u0131yla ba\u015fkent \u015eam\u2019da foto\u011fraf sergisi d\u00fczenleniyor.<\/p>\n<p>\u201cLider, Halk Kurumlar ve Ordu Olarak Suriye Zafer ve Yap\u0131lanma Yolunda\u201d slogan\u0131 alt\u0131nda d\u00fczenlenen sergi a\u00e7\u0131l\u0131\u015f\u0131na kat\u0131lan Ekonomi ve D\u0131\u015f Ticaret Bakan Yard\u0131mc\u0131s\u0131 Bessam Haydar bas\u0131na yapt\u0131\u011f\u0131 a\u00e7\u0131klamada fuar\u0131n \u00f6nemine dikkat \u00e7ekti. Haydar Suriye&#8217;nin maruz kald\u0131\u011f\u0131 bu sava\u015fta hi\u00e7bir \u015feyin istisna tutulmad\u0131\u011f\u0131na dikkat \u00e7ekerken, belli ba\u015fl\u0131 d\u0131\u015f g\u00fc\u00e7ler ve devletler taraf\u0131ndan edat olarak kullan\u0131lan ter\u00f6ristlerin insan, k\u00fclt\u00fcr, ekonomi, hizmet, altyap\u0131 ve her \u015feyi hedef ald\u0131klar\u0131na dikkat \u00e7ekti.<\/p>\n<p>Buna ra\u011fmen Suriye&#8217;de altyap\u0131 ve hizmet kurumlar\u0131n\u0131n azim ve kararl\u0131l\u0131kla \u00e7al\u0131\u015fmalar\u0131n\u0131 s\u00fcrd\u00fcrd\u00fcklerini ifade eden Haydar; ekonomi ve sanayide sekt\u00f6rlerinde \u00fcretimin de devam etti\u011fini belirtti. Jaydar ordu birliklerimizin ter\u00f6re kar\u015f\u0131 zaferleri g\u00f6lgesinde sanayi kurumlar\u0131 ve ekonomi sekt\u00f6r\u00fcn\u00fcn yeniden g\u00fc\u00e7lenip eski canl\u0131l\u0131\u011f\u0131n\u0131 kazanmakta oldu\u011funu s\u00f6yledi.<\/p>\n<p>Haydar foto\u011fraf sergisinde Suriye&#8217;de resmi ve gayr\u0131 resmi farkl\u0131 kurumlar\u0131n ekonomik \u00e7al\u0131\u015fmalar\u0131na objektif bir \u015fekilde \u0131\u015f\u0131k tutuldu\u011funa dikkat \u00e7ekti.<\/p>\n<div id='gallery-1' class='gallery galleryid-186204 gallery-columns-2 gallery-size-full'><figure class='gallery-item'>\n\t\t\t<div class='gallery-icon landscape'>\n\t\t\t\t<a href='https:\/\/archive.sana.sy\/tr\/wp-content\/uploads\/2019\/07\/DSC_9901.jpg'><img loading=\"lazy\" decoding=\"async\" width=\"3543\" height=\"2142\" src=\"https:\/\/archive.sana.sy\/tr\/wp-content\/uploads\/2019\/07\/DSC_9901.jpg\" class=\"attachment-full size-full\" alt=\"\" srcset=\"https:\/\/archive.sana.sy\/tr\/wp-content\/uploads\/2019\/07\/DSC_9901.jpg 3543w, https:\/\/archive.sana.sy\/tr\/wp-content\/uploads\/2019\/07\/DSC_9901-150x91.jpg 150w, https:\/\/archive.sana.sy\/tr\/wp-content\/uploads\/2019\/07\/DSC_9901-300x181.jpg 300w, https:\/\/archive.sana.sy\/tr\/wp-content\/uploads\/2019\/07\/DSC_9901-768x464.jpg 768w, https:\/\/archive.sana.sy\/tr\/wp-content\/uploads\/2019\/07\/DSC_9901-1024x619.jpg 1024w\" sizes=\"auto, (max-width: 3543px) 100vw, 3543px\" \/><\/a>\n\t\t\t<\/div><\/figure><figure class='gallery-item'>\n\t\t\t<div class='gallery-icon landscape'>\n\t\t\t\t<a href='https:\/\/archive.sana.sy\/tr\/wp-content\/uploads\/2019\/07\/DSC_9907.jpg'><img loading=\"lazy\" decoding=\"async\" width=\"3543\" height=\"2358\" src=\"https:\/\/archive.sana.sy\/tr\/wp-content\/uploads\/2019\/07\/DSC_9907.jpg\" class=\"attachment-full size-full\" alt=\"\" srcset=\"https:\/\/archive.sana.sy\/tr\/wp-content\/uploads\/2019\/07\/DSC_9907.jpg 3543w, https:\/\/archive.sana.sy\/tr\/wp-content\/uploads\/2019\/07\/DSC_9907-150x100.jpg 150w, https:\/\/archive.sana.sy\/tr\/wp-content\/uploads\/2019\/07\/DSC_9907-300x200.jpg 300w, https:\/\/archive.sana.sy\/tr\/wp-content\/uploads\/2019\/07\/DSC_9907-768x511.jpg 768w, https:\/\/archive.sana.sy\/tr\/wp-content\/uploads\/2019\/07\/DSC_9907-1024x682.jpg 1024w, https:\/\/archive.sana.sy\/tr\/wp-content\/uploads\/2019\/07\/DSC_9907-310x205.jpg 310w\" sizes=\"auto, (max-width: 3543px) 100vw, 3543px\" \/><\/a>\n\t\t\t<\/div><\/figure><figure class='gallery-item'>\n\t\t\t<div class='gallery-icon landscape'>\n\t\t\t\t<a href='https:\/\/archive.sana.sy\/tr\/wp-content\/uploads\/2019\/07\/DSC_9909.jpg'><img loading=\"lazy\" decoding=\"async\" width=\"3543\" height=\"2218\" src=\"https:\/\/archive.sana.sy\/tr\/wp-content\/uploads\/2019\/07\/DSC_9909.jpg\" class=\"attachment-full size-full\" alt=\"\" srcset=\"https:\/\/archive.sana.sy\/tr\/wp-content\/uploads\/2019\/07\/DSC_9909.jpg 3543w, https:\/\/archive.sana.sy\/tr\/wp-content\/uploads\/2019\/07\/DSC_9909-150x94.jpg 150w, https:\/\/archive.sana.sy\/tr\/wp-content\/uploads\/2019\/07\/DSC_9909-300x188.jpg 300w, https:\/\/archive.sana.sy\/tr\/wp-content\/uploads\/2019\/07\/DSC_9909-768x481.jpg 768w, https:\/\/archive.sana.sy\/tr\/wp-content\/uploads\/2019\/07\/DSC_9909-1024x641.jpg 1024w\" sizes=\"auto, (max-width: 3543px) 100vw, 3543px\" \/><\/a>\n\t\t\t<\/div><\/figure><figure class='gallery-item'>\n\t\t\t<div class='gallery-icon landscape'>\n\t\t\t\t<a href='https:\/\/archive.sana.sy\/tr\/wp-content\/uploads\/2019\/07\/DSC_9913.jpg'><img loading=\"lazy\" decoding=\"async\" width=\"3543\" height=\"2274\" src=\"https:\/\/archive.sana.sy\/tr\/wp-content\/uploads\/2019\/07\/DSC_9913.jpg\" class=\"attachment-full size-full\" alt=\"\" srcset=\"https:\/\/archive.sana.sy\/tr\/wp-content\/uploads\/2019\/07\/DSC_9913.jpg 3543w, https:\/\/archive.sana.sy\/tr\/wp-content\/uploads\/2019\/07\/DSC_9913-150x96.jpg 150w, https:\/\/archive.sana.sy\/tr\/wp-content\/uploads\/2019\/07\/DSC_9913-300x193.jpg 300w, https:\/\/archive.sana.sy\/tr\/wp-content\/uploads\/2019\/07\/DSC_9913-768x493.jpg 768w, https:\/\/archive.sana.sy\/tr\/wp-content\/uploads\/2019\/07\/DSC_9913-1024x657.jpg 1024w\" sizes=\"auto, (max-width: 3543px) 100vw, 3543px\" \/><\/a>\n\t\t\t<\/div><\/figure><figure class='gallery-item'>\n\t\t\t<div class='gallery-icon landscape'>\n\t\t\t\t<a href='https:\/\/archive.sana.sy\/tr\/wp-content\/uploads\/2019\/07\/DSC_9925.jpg'><img loading=\"lazy\" decoding=\"async\" width=\"3543\" height=\"2291\" src=\"https:\/\/archive.sana.sy\/tr\/wp-content\/uploads\/2019\/07\/DSC_9925.jpg\" class=\"attachment-full size-full\" alt=\"\" srcset=\"https:\/\/archive.sana.sy\/tr\/wp-content\/uploads\/2019\/07\/DSC_9925.jpg 3543w, https:\/\/archive.sana.sy\/tr\/wp-content\/uploads\/2019\/07\/DSC_9925-150x97.jpg 150w, https:\/\/archive.sana.sy\/tr\/wp-content\/uploads\/2019\/07\/DSC_9925-300x194.jpg 300w, https:\/\/archive.sana.sy\/tr\/wp-content\/uploads\/2019\/07\/DSC_9925-768x497.jpg 768w, https:\/\/archive.sana.sy\/tr\/wp-content\/uploads\/2019\/07\/DSC_9925-1024x662.jpg 1024w\" sizes=\"auto, (max-width: 3543px) 100vw, 3543px\" \/><\/a>\n\t\t\t<\/div><\/figure><figure class='gallery-item'>\n\t\t\t<div class='gallery-icon landscape'>\n\t\t\t\t<a href='https:\/\/archive.sana.sy\/tr\/wp-content\/uploads\/2019\/07\/DSC_9935.jpg'><img loading=\"lazy\" decoding=\"async\" width=\"3543\" height=\"2243\" src=\"https:\/\/archive.sana.sy\/tr\/wp-content\/uploads\/2019\/07\/DSC_9935.jpg\" class=\"attachment-full size-full\" alt=\"\" srcset=\"https:\/\/archive.sana.sy\/tr\/wp-content\/uploads\/2019\/07\/DSC_9935.jpg 3543w, https:\/\/archive.sana.sy\/tr\/wp-content\/uploads\/2019\/07\/DSC_9935-150x95.jpg 150w, https:\/\/archive.sana.sy\/tr\/wp-content\/uploads\/2019\/07\/DSC_9935-300x190.jpg 300w, https:\/\/archive.sana.sy\/tr\/wp-content\/uploads\/2019\/07\/DSC_9935-768x486.jpg 768w, https:\/\/archive.sana.sy\/tr\/wp-content\/uploads\/2019\/07\/DSC_9935-1024x648.jpg 1024w\" sizes=\"auto, (max-width: 3543px) 100vw, 3543px\" \/><\/a>\n\t\t\t<\/div><\/figure><figure class='gallery-item'>\n\t\t\t<div class='gallery-icon landscape'>\n\t\t\t\t<a href='https:\/\/archive.sana.sy\/tr\/wp-content\/uploads\/2019\/07\/DSC_9958.jpg'><img loading=\"lazy\" decoding=\"async\" width=\"3543\" height=\"2057\" src=\"https:\/\/archive.sana.sy\/tr\/wp-content\/uploads\/2019\/07\/DSC_9958.jpg\" class=\"attachment-full size-full\" alt=\"\" srcset=\"https:\/\/archive.sana.sy\/tr\/wp-content\/uploads\/2019\/07\/DSC_9958.jpg 3543w, https:\/\/archive.sana.sy\/tr\/wp-content\/uploads\/2019\/07\/DSC_9958-150x87.jpg 150w, https:\/\/archive.sana.sy\/tr\/wp-content\/uploads\/2019\/07\/DSC_9958-300x174.jpg 300w, https:\/\/archive.sana.sy\/tr\/wp-content\/uploads\/2019\/07\/DSC_9958-768x446.jpg 768w, https:\/\/archive.sana.sy\/tr\/wp-content\/uploads\/2019\/07\/DSC_9958-1024x595.jpg 1024w\" sizes=\"auto, (max-width: 3543px) 100vw, 3543px\" \/><\/a>\n\t\t\t<\/div><\/figure><figure class='gallery-item'>\n\t\t\t<div class='gallery-icon landscape'>\n\t\t\t\t<a href='https:\/\/archive.sana.sy\/tr\/wp-content\/uploads\/2019\/07\/DSC_9964.jpg'><img loading=\"lazy\" decoding=\"async\" width=\"3543\" height=\"2162\" src=\"https:\/\/archive.sana.sy\/tr\/wp-content\/uploads\/2019\/07\/DSC_9964.jpg\" class=\"attachment-full size-full\" alt=\"\" srcset=\"https:\/\/archive.sana.sy\/tr\/wp-content\/uploads\/2019\/07\/DSC_9964.jpg 3543w, https:\/\/archive.sana.sy\/tr\/wp-content\/uploads\/2019\/07\/DSC_9964-150x92.jpg 150w, https:\/\/archive.sana.sy\/tr\/wp-content\/uploads\/2019\/07\/DSC_9964-300x183.jpg 300w, https:\/\/archive.sana.sy\/tr\/wp-content\/uploads\/2019\/07\/DSC_9964-768x469.jpg 768w, https:\/\/archive.sana.sy\/tr\/wp-content\/uploads\/2019\/07\/DSC_9964-1024x625.jpg 1024w\" sizes=\"auto, (max-width: 3543px) 100vw, 3543px\" \/><\/a>\n\t\t\t<\/div><\/figure>\n\t\t<\/div>\n\n","protected":false},"excerpt":{"rendered":"<p>\u015eAM \u2013 Suriye ve halk\u0131na y\u00f6nelik sekiz y\u0131ldan fazla s\u00fcredir devam eden muhtelif y\u00f6nl\u00fc sava\u015fta y\u00fcr\u00fct\u00fclen ekonomik \u00e7al\u0131\u015fmalara \u0131\u015f\u0131k tutma amac\u0131yla ba\u015fkent \u015eam\u2019da foto\u011fraf sergisi d\u00fczenleniyor. \u201cLider, Halk Kurumlar ve Ordu Olarak Suriye Zafer ve Yap\u0131lanma Yolunda\u201d slogan\u0131 alt\u0131nda d\u00fczenlenen sergi a\u00e7\u0131l\u0131\u015f\u0131na kat\u0131lan Ekonomi ve D\u0131\u015f Ticaret Bakan Yard\u0131mc\u0131s\u0131 Bessam Haydar bas\u0131na yapt\u0131\u011f\u0131 a\u00e7\u0131klamada fuar\u0131n &hellip;<\/p>\n","protected":false},"author":1,"featured_media":186208,"comment_status":"closed","ping_status":"closed","sticky":false,"template":"","format":"standard","meta":{"footnotes":""},"categories":[38173,485,596,479,486,17988,478],"tags":[],"class_list":["post-186204","post","type-post","status-publish","format-standard","has-post-thumbnail","","category-61-uluslararasi-sam-fuari","category-is-ve-sermaye","category-fotografli-raporlar","category-haberler-yerel","category-haberler-is-ve-sermaye","category-son-haberler","category-yerel"],"_links":{"self":[{"href":"https:\/\/archive.sana.sy\/tr\/index.php?rest_route=\/wp\/v2\/posts\/186204","targetHints":{"allow":["GET"]}}],"collection":[{"href":"https:\/\/archive.sana.sy\/tr\/index.php?rest_route=\/wp\/v2\/posts"}],"about":[{"href":"https:\/\/archive.sana.sy\/tr\/index.php?rest_route=\/wp\/v2\/types\/post"}],"author":[{"embeddable":true,"href":"https:\/\/archive.sana.sy\/tr\/index.php?rest_route=\/wp\/v2\/users\/1"}],"replies":[{"embeddable":true,"href":"https:\/\/archive.sana.sy\/tr\/index.php?rest_route=%2Fwp%2Fv2%2Fcomments&post=186204"}],"version-history":[{"count":0,"href":"https:\/\/archive.sana.sy\/tr\/index.php?rest_route=\/wp\/v2\/posts\/186204\/revisions"}],"wp:featuredmedia":[{"embeddable":true,"href":"https:\/\/archive.sana.sy\/tr\/index.php?rest_route=\/wp\/v2\/media\/186208"}],"wp:attachment":[{"href":"https:\/\/archive.sana.sy\/tr\/index.php?rest_route=%2Fwp%2Fv2%2Fmedia&parent=186204"}],"wp:term":[{"taxonomy":"category","embeddable":true,"href":"https:\/\/archive.sana.sy\/tr\/index.php?rest_route=%2Fwp%2Fv2%2Fcategories&post=186204"},{"taxonomy":"post_tag","embeddable":true,"href":"https:\/\/archive.sana.sy\/tr\/index.php?rest_route=%2Fwp%2Fv2%2Ftags&post=186204"}],"curies":[{"name":"wp","href":"https:\/\/api.w.org\/{rel}","templated":true}]}}