{"id":186221,"date":"2019-07-15T12:38:54","date_gmt":"2019-07-15T09:38:54","guid":{"rendered":"http:\/\/www.sana.sy\/tr\/?p=186221"},"modified":"2019-07-18T16:28:46","modified_gmt":"2019-07-18T13:28:46","slug":"haseke-kirsali-yeniden-elektrige-kavusuyor","status":"publish","type":"post","link":"https:\/\/archive.sana.sy\/tr\/?p=186221","title":{"rendered":"Haseke K\u0131rsal\u0131 Yeniden Elektri\u011fe Kavu\u015fuyor"},"content":{"rendered":"<p>HASEKE \u2013 Haseke \u0130l Elektrik M\u00fcd\u00fcrl\u00fc\u011f\u00fc il k\u0131rsal\u0131n\u0131n Tel Hamis B\u00f6lgesinde meydana gelen yang\u0131nlardan dolay\u0131 elektrik \u015febekesi ve direklerinde meydana gelen hasar\u0131 onarmalar\u0131yla 20\u2019den fazla belde ve k\u00f6y yeniden elektrik enerjisine kavu\u015ftu.<\/p>\n<p>\u0130l elektrik M\u00fcd\u00fcr\u00fc Enver Akle SANA muhabirine yapt\u0131\u011f\u0131 a\u00e7\u0131klamada; \u015febekede hasar g\u00f6ren elektrik direklerinin de\u011fi\u015ftirildi\u011fini ve \u015febekenin onar\u0131ld\u0131\u011f\u0131n\u0131 ifade etti.<\/p>\n<p>Bunun sonucunda 20\u2019den fazla belde ve k\u00f6yde elektrik enerjisinin yeniden sa\u011fland\u0131\u011f\u0131n\u0131 belirten Akle; di\u011fer belde ve k\u00f6ylerde elektrik enerjisinin temini i\u00e7in ekiplerin \u00e7al\u0131\u015fmalar\u0131n\u0131 yo\u011fun bir \u015fekilde s\u00fcrd\u00fcrd\u00fcklerini kaydetti.<\/p>\n","protected":false},"excerpt":{"rendered":"<p>HASEKE \u2013 Haseke \u0130l Elektrik M\u00fcd\u00fcrl\u00fc\u011f\u00fc il k\u0131rsal\u0131n\u0131n Tel Hamis B\u00f6lgesinde meydana gelen yang\u0131nlardan dolay\u0131 elektrik \u015febekesi ve direklerinde meydana gelen hasar\u0131 onarmalar\u0131yla 20\u2019den fazla belde ve k\u00f6y yeniden elektrik enerjisine kavu\u015ftu. \u0130l elektrik M\u00fcd\u00fcr\u00fc Enver Akle SANA muhabirine yapt\u0131\u011f\u0131 a\u00e7\u0131klamada; \u015febekede hasar g\u00f6ren elektrik direklerinin de\u011fi\u015ftirildi\u011fini ve \u015febekenin onar\u0131ld\u0131\u011f\u0131n\u0131 ifade etti. Bunun sonucunda 20\u2019den &hellip;<\/p>\n","protected":false},"author":1,"featured_media":186222,"comment_status":"closed","ping_status":"closed","sticky":false,"template":"","format":"standard","meta":{"footnotes":""},"categories":[479,17988,478],"tags":[],"class_list":["post-186221","post","type-post","status-publish","format-standard","has-post-thumbnail","","category-haberler-yerel","category-son-haberler","category-yerel"],"_links":{"self":[{"href":"https:\/\/archive.sana.sy\/tr\/index.php?rest_route=\/wp\/v2\/posts\/186221","targetHints":{"allow":["GET"]}}],"collection":[{"href":"https:\/\/archive.sana.sy\/tr\/index.php?rest_route=\/wp\/v2\/posts"}],"about":[{"href":"https:\/\/archive.sana.sy\/tr\/index.php?rest_route=\/wp\/v2\/types\/post"}],"author":[{"embeddable":true,"href":"https:\/\/archive.sana.sy\/tr\/index.php?rest_route=\/wp\/v2\/users\/1"}],"replies":[{"embeddable":true,"href":"https:\/\/archive.sana.sy\/tr\/index.php?rest_route=%2Fwp%2Fv2%2Fcomments&post=186221"}],"version-history":[{"count":0,"href":"https:\/\/archive.sana.sy\/tr\/index.php?rest_route=\/wp\/v2\/posts\/186221\/revisions"}],"wp:featuredmedia":[{"embeddable":true,"href":"https:\/\/archive.sana.sy\/tr\/index.php?rest_route=\/wp\/v2\/media\/186222"}],"wp:attachment":[{"href":"https:\/\/archive.sana.sy\/tr\/index.php?rest_route=%2Fwp%2Fv2%2Fmedia&parent=186221"}],"wp:term":[{"taxonomy":"category","embeddable":true,"href":"https:\/\/archive.sana.sy\/tr\/index.php?rest_route=%2Fwp%2Fv2%2Fcategories&post=186221"},{"taxonomy":"post_tag","embeddable":true,"href":"https:\/\/archive.sana.sy\/tr\/index.php?rest_route=%2Fwp%2Fv2%2Ftags&post=186221"}],"curies":[{"name":"wp","href":"https:\/\/api.w.org\/{rel}","templated":true}]}}