{"id":186346,"date":"2019-07-17T13:47:08","date_gmt":"2019-07-17T10:47:08","guid":{"rendered":"http:\/\/www.sana.sy\/tr\/?p=186346"},"modified":"2019-07-18T16:27:39","modified_gmt":"2019-07-18T13:27:39","slug":"hasekede-yine-bombali-eylem-2","status":"publish","type":"post","link":"https:\/\/archive.sana.sy\/tr\/?p=186346","title":{"rendered":"Haseke\u2019de Bombal\u0131 Ter\u00f6r Eylemi"},"content":{"rendered":"<p>HASEKE \u2013 Haseke Kenti \u011eveyran Semtinde bomba y\u00fckl\u00fc bir arac\u0131n patlamas\u0131 sonucunda iki sivil vatanda\u015f isabet al\u0131rken maddi hasarlar da meydana geldi.<\/p>\n<p>SANA&#8217;n\u0131n Haseke muhabiri; Haseke Kenti \u011eveyran Semtindeki de\u011firmen yak\u0131n\u0131nda bomba y\u00fckl\u00fc bir arac\u0131n patlamas\u0131yla iki sivil vatanda\u015f\u0131n yaral\u0131 d\u00fc\u015ft\u00fc\u011f\u00fcn\u00fc aktard\u0131. Muhabir bombal\u0131 ter\u00f6r eylemi sonucunda ayr\u0131ca b\u00f6lgede maddi hasarlar\u0131n meydana geldi\u011fini belirtti.<\/p>\n<p>Muhabir; yaral\u0131 vatanda\u015flar\u0131n Haseke Hastanesine kald\u0131r\u0131ld\u0131klar\u0131n\u0131 ve gerekli t\u0131bbi m\u00fcdahalenin yap\u0131ld\u0131\u011f\u0131n\u0131 aktard\u0131.<\/p>\n<p>\u00c7eviri: P.M.<\/p>\n","protected":false},"excerpt":{"rendered":"<p>HASEKE \u2013 Haseke Kenti \u011eveyran Semtinde bomba y\u00fckl\u00fc bir arac\u0131n patlamas\u0131 sonucunda iki sivil vatanda\u015f isabet al\u0131rken maddi hasarlar da meydana geldi. SANA&#8217;n\u0131n Haseke muhabiri; Haseke Kenti \u011eveyran Semtindeki de\u011firmen yak\u0131n\u0131nda bomba y\u00fckl\u00fc bir arac\u0131n patlamas\u0131yla iki sivil vatanda\u015f\u0131n yaral\u0131 d\u00fc\u015ft\u00fc\u011f\u00fcn\u00fc aktard\u0131. Muhabir bombal\u0131 ter\u00f6r eylemi sonucunda ayr\u0131ca b\u00f6lgede maddi hasarlar\u0131n meydana geldi\u011fini belirtti. Muhabir; &hellip;<\/p>\n","protected":false},"author":1,"featured_media":186347,"comment_status":"closed","ping_status":"closed","sticky":false,"template":"","format":"standard","meta":{"footnotes":""},"categories":[479,575,17988,478],"tags":[],"class_list":["post-186346","post","type-post","status-publish","format-standard","has-post-thumbnail","","category-haberler-yerel","category-olaylar-ve-gercekler","category-son-haberler","category-yerel"],"_links":{"self":[{"href":"https:\/\/archive.sana.sy\/tr\/index.php?rest_route=\/wp\/v2\/posts\/186346","targetHints":{"allow":["GET"]}}],"collection":[{"href":"https:\/\/archive.sana.sy\/tr\/index.php?rest_route=\/wp\/v2\/posts"}],"about":[{"href":"https:\/\/archive.sana.sy\/tr\/index.php?rest_route=\/wp\/v2\/types\/post"}],"author":[{"embeddable":true,"href":"https:\/\/archive.sana.sy\/tr\/index.php?rest_route=\/wp\/v2\/users\/1"}],"replies":[{"embeddable":true,"href":"https:\/\/archive.sana.sy\/tr\/index.php?rest_route=%2Fwp%2Fv2%2Fcomments&post=186346"}],"version-history":[{"count":0,"href":"https:\/\/archive.sana.sy\/tr\/index.php?rest_route=\/wp\/v2\/posts\/186346\/revisions"}],"wp:featuredmedia":[{"embeddable":true,"href":"https:\/\/archive.sana.sy\/tr\/index.php?rest_route=\/wp\/v2\/media\/186347"}],"wp:attachment":[{"href":"https:\/\/archive.sana.sy\/tr\/index.php?rest_route=%2Fwp%2Fv2%2Fmedia&parent=186346"}],"wp:term":[{"taxonomy":"category","embeddable":true,"href":"https:\/\/archive.sana.sy\/tr\/index.php?rest_route=%2Fwp%2Fv2%2Fcategories&post=186346"},{"taxonomy":"post_tag","embeddable":true,"href":"https:\/\/archive.sana.sy\/tr\/index.php?rest_route=%2Fwp%2Fv2%2Ftags&post=186346"}],"curies":[{"name":"wp","href":"https:\/\/api.w.org\/{rel}","templated":true}]}}