{"id":186356,"date":"2019-07-17T12:05:00","date_gmt":"2019-07-17T09:05:00","guid":{"rendered":"http:\/\/www.sana.sy\/tr\/?p=186356"},"modified":"2019-07-18T16:27:19","modified_gmt":"2019-07-18T13:27:19","slug":"suriye-super-surf-sampiyonasinin-ikinci-sahnesi-basliyor","status":"publish","type":"post","link":"https:\/\/archive.sana.sy\/tr\/?p=186356","title":{"rendered":"Suriye Super Surf \u015eampiyonas\u0131n\u0131n \u0130kinci S\u00fcreci Ba\u015fl\u0131yor"},"content":{"rendered":"<p>\u015eAM KIRSALI \u2013 Turizm Bakanl\u0131\u011f\u0131 ve Suriye Araba Kul\u00fcb\u00fc \u00f6g\u00fct\u00fcn\u00fcn sponsorlu\u011fuyla gelecek Cuma g\u00fcn\u00fc Suriye Super Surf 2019 h\u0131z ve drift \u015fampiyonas\u0131n\u0131n ikinci s\u00fcreci \u015eam k\u0131rsal\u0131ndaki Maaret Seydnaya\u2019n\u0131n arenada faaliyetlerine ba\u015fl\u0131yor.<\/p>\n<p>Teknik ekiplerinin \u00e7abalar\u0131yla yar\u0131\u015fmalar\u0131n\u0131n yer alacak arenadaki haz\u0131rl\u0131klar\u0131n tamamlanmas\u0131yla Suriyeli ve Arap \u00fclkelerden kat\u0131l\u0131mc\u0131lar \u00f6zel ve ticari kategorilerin yan\u0131 s\u0131ra 1600CC ve drift yar\u0131\u015fmalar\u0131nda rekabet edecek.<\/p>\n<p>\u00c7eviri: P.M.<\/p>\n","protected":false},"excerpt":{"rendered":"<p>\u015eAM KIRSALI \u2013 Turizm Bakanl\u0131\u011f\u0131 ve Suriye Araba Kul\u00fcb\u00fc \u00f6g\u00fct\u00fcn\u00fcn sponsorlu\u011fuyla gelecek Cuma g\u00fcn\u00fc Suriye Super Surf 2019 h\u0131z ve drift \u015fampiyonas\u0131n\u0131n ikinci s\u00fcreci \u015eam k\u0131rsal\u0131ndaki Maaret Seydnaya\u2019n\u0131n arenada faaliyetlerine ba\u015fl\u0131yor. Teknik ekiplerinin \u00e7abalar\u0131yla yar\u0131\u015fmalar\u0131n\u0131n yer alacak arenadaki haz\u0131rl\u0131klar\u0131n tamamlanmas\u0131yla Suriyeli ve Arap \u00fclkelerden kat\u0131l\u0131mc\u0131lar \u00f6zel ve ticari kategorilerin yan\u0131 s\u0131ra 1600CC ve drift yar\u0131\u015fmalar\u0131nda &hellip;<\/p>\n","protected":false},"author":1,"featured_media":186357,"comment_status":"closed","ping_status":"closed","sticky":false,"template":"","format":"standard","meta":{"footnotes":""},"categories":[17988,496,497],"tags":[],"class_list":["post-186356","post","type-post","status-publish","format-standard","has-post-thumbnail","","category-son-haberler","category-spor","category-yerel-turnuvalar"],"_links":{"self":[{"href":"https:\/\/archive.sana.sy\/tr\/index.php?rest_route=\/wp\/v2\/posts\/186356","targetHints":{"allow":["GET"]}}],"collection":[{"href":"https:\/\/archive.sana.sy\/tr\/index.php?rest_route=\/wp\/v2\/posts"}],"about":[{"href":"https:\/\/archive.sana.sy\/tr\/index.php?rest_route=\/wp\/v2\/types\/post"}],"author":[{"embeddable":true,"href":"https:\/\/archive.sana.sy\/tr\/index.php?rest_route=\/wp\/v2\/users\/1"}],"replies":[{"embeddable":true,"href":"https:\/\/archive.sana.sy\/tr\/index.php?rest_route=%2Fwp%2Fv2%2Fcomments&post=186356"}],"version-history":[{"count":0,"href":"https:\/\/archive.sana.sy\/tr\/index.php?rest_route=\/wp\/v2\/posts\/186356\/revisions"}],"wp:featuredmedia":[{"embeddable":true,"href":"https:\/\/archive.sana.sy\/tr\/index.php?rest_route=\/wp\/v2\/media\/186357"}],"wp:attachment":[{"href":"https:\/\/archive.sana.sy\/tr\/index.php?rest_route=%2Fwp%2Fv2%2Fmedia&parent=186356"}],"wp:term":[{"taxonomy":"category","embeddable":true,"href":"https:\/\/archive.sana.sy\/tr\/index.php?rest_route=%2Fwp%2Fv2%2Fcategories&post=186356"},{"taxonomy":"post_tag","embeddable":true,"href":"https:\/\/archive.sana.sy\/tr\/index.php?rest_route=%2Fwp%2Fv2%2Ftags&post=186356"}],"curies":[{"name":"wp","href":"https:\/\/api.w.org\/{rel}","templated":true}]}}