{"id":186361,"date":"2019-07-17T12:15:42","date_gmt":"2019-07-17T09:15:42","guid":{"rendered":"http:\/\/www.sana.sy\/tr\/?p=186361"},"modified":"2019-07-18T16:27:26","modified_gmt":"2019-07-18T13:27:26","slug":"jeopolitik-amaclarin-sebebiyle-suriyedeki-krizi-uzatiyorlar","status":"publish","type":"post","link":"https:\/\/archive.sana.sy\/tr\/?p=186361","title":{"rendered":"Jeopolitik Ama\u00e7lar Sebebiyle Suriye\u2019deki Krizi Uzat\u0131yorlar"},"content":{"rendered":"<p>MOSKOVA \u2013 Rusya D\u0131\u015fi\u015fleri Bakan\u0131 Sergey Lavrov ABD ve baz\u0131 bat\u0131l\u0131 \u00fclkelerin Suriye&#8217;deki krizi uzatmaya \u00e7al\u0131\u015ft\u0131klar\u0131n\u0131 belirtti.<\/p>\n<p>Lavrov Moskova\u2019da bug\u00fcn Fildi\u015fi Sahili meslekta\u015f\u0131 ile yapt\u0131\u011f\u0131 bas\u0131n toplant\u0131s\u0131nda; ABD\u2019nin ve baz\u0131 bat\u0131l\u0131 \u00fclkelerin jeopolitik ama\u00e7lar sebebiyle Suriye\u2019deki krizi uzatmaya ve Nusra Cephesini korumaya \u00e7al\u0131\u015ft\u0131klar\u0131n\u0131 belirtti.<\/p>\n<p>\u00d6te yandan Lavrov; ABD ve bat\u0131l\u0131 \u00fclkelere, daha \u00f6nce ter\u00f6r varl\u0131\u011f\u0131ndan dolay\u0131 tehcir edilen Suriyelilerin vatan ve evlerine geri d\u00f6nmelerini \u00f6nlemek i\u00e7in sahte engeller \u00e7\u0131karmamaya \u00e7a\u011fr\u0131 yaparak Suriyelilerin d\u00f6n\u00fc\u015flerini kolayla\u015ft\u0131ran \u00a0\u00e7abalara kat\u0131lmaya davet etti.<\/p>\n<p>\u00c7eviri: P.M.<\/p>\n<p>&nbsp;<\/p>\n","protected":false},"excerpt":{"rendered":"<p>MOSKOVA \u2013 Rusya D\u0131\u015fi\u015fleri Bakan\u0131 Sergey Lavrov ABD ve baz\u0131 bat\u0131l\u0131 \u00fclkelerin Suriye&#8217;deki krizi uzatmaya \u00e7al\u0131\u015ft\u0131klar\u0131n\u0131 belirtti. Lavrov Moskova\u2019da bug\u00fcn Fildi\u015fi Sahili meslekta\u015f\u0131 ile yapt\u0131\u011f\u0131 bas\u0131n toplant\u0131s\u0131nda; ABD\u2019nin ve baz\u0131 bat\u0131l\u0131 \u00fclkelerin jeopolitik ama\u00e7lar sebebiyle Suriye\u2019deki krizi uzatmaya ve Nusra Cephesini korumaya \u00e7al\u0131\u015ft\u0131klar\u0131n\u0131 belirtti. \u00d6te yandan Lavrov; ABD ve bat\u0131l\u0131 \u00fclkelere, daha \u00f6nce ter\u00f6r varl\u0131\u011f\u0131ndan &hellip;<\/p>\n","protected":false},"author":1,"featured_media":186362,"comment_status":"closed","ping_status":"closed","sticky":false,"template":"","format":"standard","meta":{"footnotes":""},"categories":[458,459,17988],"tags":[],"class_list":["post-186361","post","type-post","status-publish","format-standard","has-post-thumbnail","","category-dunya1","category-haberler-arap-uluslararasi-politika","category-son-haberler"],"_links":{"self":[{"href":"https:\/\/archive.sana.sy\/tr\/index.php?rest_route=\/wp\/v2\/posts\/186361","targetHints":{"allow":["GET"]}}],"collection":[{"href":"https:\/\/archive.sana.sy\/tr\/index.php?rest_route=\/wp\/v2\/posts"}],"about":[{"href":"https:\/\/archive.sana.sy\/tr\/index.php?rest_route=\/wp\/v2\/types\/post"}],"author":[{"embeddable":true,"href":"https:\/\/archive.sana.sy\/tr\/index.php?rest_route=\/wp\/v2\/users\/1"}],"replies":[{"embeddable":true,"href":"https:\/\/archive.sana.sy\/tr\/index.php?rest_route=%2Fwp%2Fv2%2Fcomments&post=186361"}],"version-history":[{"count":0,"href":"https:\/\/archive.sana.sy\/tr\/index.php?rest_route=\/wp\/v2\/posts\/186361\/revisions"}],"wp:featuredmedia":[{"embeddable":true,"href":"https:\/\/archive.sana.sy\/tr\/index.php?rest_route=\/wp\/v2\/media\/186362"}],"wp:attachment":[{"href":"https:\/\/archive.sana.sy\/tr\/index.php?rest_route=%2Fwp%2Fv2%2Fmedia&parent=186361"}],"wp:term":[{"taxonomy":"category","embeddable":true,"href":"https:\/\/archive.sana.sy\/tr\/index.php?rest_route=%2Fwp%2Fv2%2Fcategories&post=186361"},{"taxonomy":"post_tag","embeddable":true,"href":"https:\/\/archive.sana.sy\/tr\/index.php?rest_route=%2Fwp%2Fv2%2Ftags&post=186361"}],"curies":[{"name":"wp","href":"https:\/\/api.w.org\/{rel}","templated":true}]}}