{"id":186368,"date":"2019-07-17T12:45:05","date_gmt":"2019-07-17T09:45:05","guid":{"rendered":"http:\/\/www.sana.sy\/tr\/?p=186368"},"modified":"2019-07-18T16:27:35","modified_gmt":"2019-07-18T13:27:35","slug":"terorden-kurtarilmasinin-birinci-yildonumunu-kutluyor","status":"publish","type":"post","link":"https:\/\/archive.sana.sy\/tr\/?p=186368","title":{"rendered":"Ter\u00f6rden Kurtar\u0131lmas\u0131n\u0131n Birinci Y\u0131ld\u00f6n\u00fcm\u00fcn\u00fc Kutluyor"},"content":{"rendered":"<p>HOMS \u2013 Homs K\u0131rsal\u0131 kuzeyinde yer alan \u00a0Resten Beldesi halk\u0131 beldelerinin ter\u00f6r gruplar\u0131ndan kurtar\u0131lmas\u0131n\u0131n birinci y\u0131ld\u00f6n\u00fcm\u00fcn\u00fc kutluyor.<\/p>\n<p>Kutlama etkinliklerinde Suriye bayra\u011f\u0131 ve Cumhurba\u015fkan\u0131 Be\u015f\u015far Esad\u2019\u0131n foto\u011fraflar\u0131 ta\u015f\u0131yan belde ahalisi Suriye ve ordusu sloganlar att\u0131. Belde ahalisi ulusal birlik beraberli\u011fi vurgularken d\u0131\u015f destekli ter\u00f6re kar\u015f\u0131 orduya desteklerini vurgulad\u0131lar.<\/p>\n<div id='gallery-1' class='gallery galleryid-186368 gallery-columns-1 gallery-size-full'><figure class='gallery-item'>\n\t\t\t<div class='gallery-icon landscape'>\n\t\t\t\t<a href='https:\/\/archive.sana.sy\/tr\/wp-content\/uploads\/2019\/07\/DSC_3760.jpg'><img loading=\"lazy\" decoding=\"async\" width=\"3543\" height=\"2171\" src=\"https:\/\/archive.sana.sy\/tr\/wp-content\/uploads\/2019\/07\/DSC_3760.jpg\" class=\"attachment-full size-full\" alt=\"\" srcset=\"https:\/\/archive.sana.sy\/tr\/wp-content\/uploads\/2019\/07\/DSC_3760.jpg 3543w, https:\/\/archive.sana.sy\/tr\/wp-content\/uploads\/2019\/07\/DSC_3760-150x92.jpg 150w, https:\/\/archive.sana.sy\/tr\/wp-content\/uploads\/2019\/07\/DSC_3760-300x184.jpg 300w, https:\/\/archive.sana.sy\/tr\/wp-content\/uploads\/2019\/07\/DSC_3760-768x471.jpg 768w, https:\/\/archive.sana.sy\/tr\/wp-content\/uploads\/2019\/07\/DSC_3760-1024x627.jpg 1024w\" sizes=\"auto, (max-width: 3543px) 100vw, 3543px\" \/><\/a>\n\t\t\t<\/div><\/figure><figure class='gallery-item'>\n\t\t\t<div class='gallery-icon landscape'>\n\t\t\t\t<a href='https:\/\/archive.sana.sy\/tr\/wp-content\/uploads\/2019\/07\/DSC_3761.jpg'><img loading=\"lazy\" decoding=\"async\" width=\"3543\" height=\"2238\" src=\"https:\/\/archive.sana.sy\/tr\/wp-content\/uploads\/2019\/07\/DSC_3761.jpg\" class=\"attachment-full size-full\" alt=\"\" srcset=\"https:\/\/archive.sana.sy\/tr\/wp-content\/uploads\/2019\/07\/DSC_3761.jpg 3543w, https:\/\/archive.sana.sy\/tr\/wp-content\/uploads\/2019\/07\/DSC_3761-150x95.jpg 150w, https:\/\/archive.sana.sy\/tr\/wp-content\/uploads\/2019\/07\/DSC_3761-300x190.jpg 300w, https:\/\/archive.sana.sy\/tr\/wp-content\/uploads\/2019\/07\/DSC_3761-768x485.jpg 768w, https:\/\/archive.sana.sy\/tr\/wp-content\/uploads\/2019\/07\/DSC_3761-1024x647.jpg 1024w\" sizes=\"auto, (max-width: 3543px) 100vw, 3543px\" \/><\/a>\n\t\t\t<\/div><\/figure><figure class='gallery-item'>\n\t\t\t<div class='gallery-icon landscape'>\n\t\t\t\t<a href='https:\/\/archive.sana.sy\/tr\/wp-content\/uploads\/2019\/07\/DSC_3802.jpg'><img loading=\"lazy\" decoding=\"async\" width=\"3543\" height=\"2080\" src=\"https:\/\/archive.sana.sy\/tr\/wp-content\/uploads\/2019\/07\/DSC_3802.jpg\" class=\"attachment-full size-full\" alt=\"\" srcset=\"https:\/\/archive.sana.sy\/tr\/wp-content\/uploads\/2019\/07\/DSC_3802.jpg 3543w, https:\/\/archive.sana.sy\/tr\/wp-content\/uploads\/2019\/07\/DSC_3802-150x88.jpg 150w, https:\/\/archive.sana.sy\/tr\/wp-content\/uploads\/2019\/07\/DSC_3802-300x176.jpg 300w, https:\/\/archive.sana.sy\/tr\/wp-content\/uploads\/2019\/07\/DSC_3802-768x451.jpg 768w, https:\/\/archive.sana.sy\/tr\/wp-content\/uploads\/2019\/07\/DSC_3802-1024x601.jpg 1024w\" sizes=\"auto, (max-width: 3543px) 100vw, 3543px\" \/><\/a>\n\t\t\t<\/div><\/figure><figure class='gallery-item'>\n\t\t\t<div class='gallery-icon landscape'>\n\t\t\t\t<a href='https:\/\/archive.sana.sy\/tr\/wp-content\/uploads\/2019\/07\/DSC_3829.jpg'><img loading=\"lazy\" decoding=\"async\" width=\"3543\" height=\"1926\" src=\"https:\/\/archive.sana.sy\/tr\/wp-content\/uploads\/2019\/07\/DSC_3829.jpg\" class=\"attachment-full size-full\" alt=\"\" srcset=\"https:\/\/archive.sana.sy\/tr\/wp-content\/uploads\/2019\/07\/DSC_3829.jpg 3543w, https:\/\/archive.sana.sy\/tr\/wp-content\/uploads\/2019\/07\/DSC_3829-150x82.jpg 150w, https:\/\/archive.sana.sy\/tr\/wp-content\/uploads\/2019\/07\/DSC_3829-300x163.jpg 300w, https:\/\/archive.sana.sy\/tr\/wp-content\/uploads\/2019\/07\/DSC_3829-768x417.jpg 768w, https:\/\/archive.sana.sy\/tr\/wp-content\/uploads\/2019\/07\/DSC_3829-1024x557.jpg 1024w\" sizes=\"auto, (max-width: 3543px) 100vw, 3543px\" \/><\/a>\n\t\t\t<\/div><\/figure>\n\t\t<\/div>\n\n","protected":false},"excerpt":{"rendered":"<p>HOMS \u2013 Homs K\u0131rsal\u0131 kuzeyinde yer alan \u00a0Resten Beldesi halk\u0131 beldelerinin ter\u00f6r gruplar\u0131ndan kurtar\u0131lmas\u0131n\u0131n birinci y\u0131ld\u00f6n\u00fcm\u00fcn\u00fc kutluyor. Kutlama etkinliklerinde Suriye bayra\u011f\u0131 ve Cumhurba\u015fkan\u0131 Be\u015f\u015far Esad\u2019\u0131n foto\u011fraflar\u0131 ta\u015f\u0131yan belde ahalisi Suriye ve ordusu sloganlar att\u0131. Belde ahalisi ulusal birlik beraberli\u011fi vurgularken d\u0131\u015f destekli ter\u00f6re kar\u015f\u0131 orduya desteklerini vurgulad\u0131lar.<\/p>\n","protected":false},"author":1,"featured_media":186373,"comment_status":"closed","ping_status":"closed","sticky":false,"template":"","format":"standard","meta":{"footnotes":""},"categories":[596,479,17988,478],"tags":[],"class_list":["post-186368","post","type-post","status-publish","format-standard","has-post-thumbnail","","category-fotografli-raporlar","category-haberler-yerel","category-son-haberler","category-yerel"],"_links":{"self":[{"href":"https:\/\/archive.sana.sy\/tr\/index.php?rest_route=\/wp\/v2\/posts\/186368","targetHints":{"allow":["GET"]}}],"collection":[{"href":"https:\/\/archive.sana.sy\/tr\/index.php?rest_route=\/wp\/v2\/posts"}],"about":[{"href":"https:\/\/archive.sana.sy\/tr\/index.php?rest_route=\/wp\/v2\/types\/post"}],"author":[{"embeddable":true,"href":"https:\/\/archive.sana.sy\/tr\/index.php?rest_route=\/wp\/v2\/users\/1"}],"replies":[{"embeddable":true,"href":"https:\/\/archive.sana.sy\/tr\/index.php?rest_route=%2Fwp%2Fv2%2Fcomments&post=186368"}],"version-history":[{"count":0,"href":"https:\/\/archive.sana.sy\/tr\/index.php?rest_route=\/wp\/v2\/posts\/186368\/revisions"}],"wp:featuredmedia":[{"embeddable":true,"href":"https:\/\/archive.sana.sy\/tr\/index.php?rest_route=\/wp\/v2\/media\/186373"}],"wp:attachment":[{"href":"https:\/\/archive.sana.sy\/tr\/index.php?rest_route=%2Fwp%2Fv2%2Fmedia&parent=186368"}],"wp:term":[{"taxonomy":"category","embeddable":true,"href":"https:\/\/archive.sana.sy\/tr\/index.php?rest_route=%2Fwp%2Fv2%2Fcategories&post=186368"},{"taxonomy":"post_tag","embeddable":true,"href":"https:\/\/archive.sana.sy\/tr\/index.php?rest_route=%2Fwp%2Fv2%2Ftags&post=186368"}],"curies":[{"name":"wp","href":"https:\/\/api.w.org\/{rel}","templated":true}]}}