{"id":186384,"date":"2019-07-17T15:31:31","date_gmt":"2019-07-17T12:31:31","guid":{"rendered":"http:\/\/www.sana.sy\/tr\/?p=186384"},"modified":"2019-07-19T16:44:38","modified_gmt":"2019-07-19T13:44:38","slug":"kunaytralilar-golanli-yurttaslarla-dayanisiyor","status":"publish","type":"post","link":"https:\/\/archive.sana.sy\/tr\/?p=186384","title":{"rendered":"Kunaytral\u0131lar Golanl\u0131 Yurtta\u015flarla Dayan\u0131\u015f\u0131yor"},"content":{"rendered":"<p>KUNAYTRA \u2013 Kunaytra halk\u0131 bug\u00fcn \u0130srail i\u015fgali alt\u0131nda bask\u0131 ve dayatmalara maruz kalan Golanl\u0131 yurtta\u015flar\u0131m\u0131z ile dayan\u0131\u015fma etkinli\u011fi d\u00fczenledi.<\/p>\n<p>Kunaytra Valili\u011fi \u00f6n\u00fcnde d\u00fczenlenen dayan\u0131\u015fma etkinli\u011finde i\u015fgalci israilin Golan topraklar\u0131n\u0131 gasp etmesi ve uluslararas\u0131 kanun ve kararlar\u0131n Suriyeli olduklar\u0131n\u0131 vurgulad\u0131klar\u0131 bu topraklarda projeler uygulamas\u0131n\u0131 keskin ifadelerle k\u0131nad\u0131.<\/p>\n<p>Kunaytra halk\u0131 Golan\u2019\u0131n Suriyeli topraklar oldu\u011funu ve \u00f6yle kalaca\u011f\u0131n\u0131n alt\u0131n\u0131 \u00e7izerek, Golanl\u0131 yurtta\u015flar\u0131m\u0131z\u0131n i\u015fgal ve dayatmalar\u0131na kar\u015f\u0131 m\u00fccadeleleri ile dayan\u0131\u015fmalar\u0131n\u0131 sloganlarla hayk\u0131rd\u0131lar.<\/p>\n<div id='gallery-1' class='gallery galleryid-186384 gallery-columns-1 gallery-size-full'><figure class='gallery-item'>\n\t\t\t<div class='gallery-icon landscape'>\n\t\t\t\t<a href='https:\/\/archive.sana.sy\/tr\/wp-content\/uploads\/2019\/07\/555-6.jpg'><img loading=\"lazy\" decoding=\"async\" width=\"660\" height=\"387\" src=\"https:\/\/archive.sana.sy\/tr\/wp-content\/uploads\/2019\/07\/555-6.jpg\" class=\"attachment-full size-full\" alt=\"\" srcset=\"https:\/\/archive.sana.sy\/tr\/wp-content\/uploads\/2019\/07\/555-6.jpg 660w, https:\/\/archive.sana.sy\/tr\/wp-content\/uploads\/2019\/07\/555-6-150x88.jpg 150w, https:\/\/archive.sana.sy\/tr\/wp-content\/uploads\/2019\/07\/555-6-300x176.jpg 300w\" sizes=\"auto, (max-width: 660px) 100vw, 660px\" \/><\/a>\n\t\t\t<\/div><\/figure>\n\t\t<\/div>\n\n","protected":false},"excerpt":{"rendered":"<p>KUNAYTRA \u2013 Kunaytra halk\u0131 bug\u00fcn \u0130srail i\u015fgali alt\u0131nda bask\u0131 ve dayatmalara maruz kalan Golanl\u0131 yurtta\u015flar\u0131m\u0131z ile dayan\u0131\u015fma etkinli\u011fi d\u00fczenledi. Kunaytra Valili\u011fi \u00f6n\u00fcnde d\u00fczenlenen dayan\u0131\u015fma etkinli\u011finde i\u015fgalci israilin Golan topraklar\u0131n\u0131 gasp etmesi ve uluslararas\u0131 kanun ve kararlar\u0131n Suriyeli olduklar\u0131n\u0131 vurgulad\u0131klar\u0131 bu topraklarda projeler uygulamas\u0131n\u0131 keskin ifadelerle k\u0131nad\u0131. Kunaytra halk\u0131 Golan\u2019\u0131n Suriyeli topraklar oldu\u011funu ve \u00f6yle kalaca\u011f\u0131n\u0131n &hellip;<\/p>\n","protected":false},"author":1,"featured_media":186385,"comment_status":"closed","ping_status":"closed","sticky":false,"template":"","format":"standard","meta":{"footnotes":""},"categories":[479,478],"tags":[],"class_list":["post-186384","post","type-post","status-publish","format-standard","has-post-thumbnail","","category-haberler-yerel","category-yerel"],"_links":{"self":[{"href":"https:\/\/archive.sana.sy\/tr\/index.php?rest_route=\/wp\/v2\/posts\/186384","targetHints":{"allow":["GET"]}}],"collection":[{"href":"https:\/\/archive.sana.sy\/tr\/index.php?rest_route=\/wp\/v2\/posts"}],"about":[{"href":"https:\/\/archive.sana.sy\/tr\/index.php?rest_route=\/wp\/v2\/types\/post"}],"author":[{"embeddable":true,"href":"https:\/\/archive.sana.sy\/tr\/index.php?rest_route=\/wp\/v2\/users\/1"}],"replies":[{"embeddable":true,"href":"https:\/\/archive.sana.sy\/tr\/index.php?rest_route=%2Fwp%2Fv2%2Fcomments&post=186384"}],"version-history":[{"count":0,"href":"https:\/\/archive.sana.sy\/tr\/index.php?rest_route=\/wp\/v2\/posts\/186384\/revisions"}],"wp:featuredmedia":[{"embeddable":true,"href":"https:\/\/archive.sana.sy\/tr\/index.php?rest_route=\/wp\/v2\/media\/186385"}],"wp:attachment":[{"href":"https:\/\/archive.sana.sy\/tr\/index.php?rest_route=%2Fwp%2Fv2%2Fmedia&parent=186384"}],"wp:term":[{"taxonomy":"category","embeddable":true,"href":"https:\/\/archive.sana.sy\/tr\/index.php?rest_route=%2Fwp%2Fv2%2Fcategories&post=186384"},{"taxonomy":"post_tag","embeddable":true,"href":"https:\/\/archive.sana.sy\/tr\/index.php?rest_route=%2Fwp%2Fv2%2Ftags&post=186384"}],"curies":[{"name":"wp","href":"https:\/\/api.w.org\/{rel}","templated":true}]}}