{"id":186427,"date":"2019-07-17T15:16:02","date_gmt":"2019-07-17T12:16:02","guid":{"rendered":"http:\/\/www.sana.sy\/tr\/?p=186427"},"modified":"2019-07-18T16:35:31","modified_gmt":"2019-07-18T13:35:31","slug":"yeniden-imar-asamasina-tercuman-olacak-halep-mimarlik-fakultesi-ogrencilerinin-projeleri","status":"publish","type":"post","link":"https:\/\/archive.sana.sy\/tr\/?p=186427","title":{"rendered":"Yeniden \u0130mar A\u015famas\u0131na Terc\u00fcman Olacak Halep Mimarl\u0131k Fak\u00fcltesi \u00d6\u011frencilerinin Projeleri (V\u0130DEO)"},"content":{"rendered":"<p style=\"text-align: justify;\">HALEP &#8211; Halep \u00dcniversitesi Mimarl\u0131k Fak\u00fcltesi\u2019nde \u201cHalihaz\u0131rdaki Durumun Ger\u00e7ekle\u015ftirilmesi Sanat\u0131&#8221; ba\u015fl\u0131kl\u0131 fuarda, ikinci s\u0131n\u0131f \u00f6\u011frencilerinin Kolej\u2019de minyat\u00fcr modeller tarz\u0131nda uygulad\u0131klar\u0131 projeler yer ald\u0131.<\/p>\n<p style=\"text-align: justify;\"><a href=\"http:\/\/www.sana.sy\/tr\/wp-content\/uploads\/2019\/07\/2-3.jpg\"><img loading=\"lazy\" decoding=\"async\" class=\"alignright size-medium wp-image-186429\" src=\"http:\/\/www.sana.sy\/tr\/wp-content\/uploads\/2019\/07\/2-3-300x168.jpg\" alt=\"\" width=\"300\" height=\"168\" srcset=\"https:\/\/archive.sana.sy\/tr\/wp-content\/uploads\/2019\/07\/2-3-300x168.jpg 300w, https:\/\/archive.sana.sy\/tr\/wp-content\/uploads\/2019\/07\/2-3-150x84.jpg 150w, https:\/\/archive.sana.sy\/tr\/wp-content\/uploads\/2019\/07\/2-3.jpg 660w\" sizes=\"auto, (max-width: 300px) 100vw, 300px\" \/><\/a>Mimarl\u0131k Fak\u00fcltesi Dekan\u0131 Dr. Sadettin Zeytun, fuara kat\u0131lan \u00f6\u011frencilerin 15-20 \u00f6\u011frenciden olu\u015fan 20 gruba ayr\u0131ld\u0131\u011f\u0131n\u0131 s\u00f6yleyerek, Halep \u015fehrinin otel, spor tesisleri Halep Kalesi \u00e7evresinin bir b\u00f6l\u00fcm\u00fc ve baz\u0131 miras binalar gibi yeniden imar a\u015famas\u0131na ba\u011fl\u0131 ger\u00f6ek projelerin seis olarak say\u0131lan baz\u0131 minyat\u00fcrleri i\u00e7eridi\u011fine dikkat \u00e7ekti.<\/p>\n<p style=\"text-align: justify;\">Mimarl\u0131k Fak\u00fcltesi Y\u00f6netim Kurulu Ba\u015fkan\u0131 Fedva \u015eabarik, \u00f6\u011frencilere fura\u0131n d\u00fczenlenmesi ve \u00e7al\u0131\u015fmalar\u0131na \u0131\u015f\u0131k tutmak amac\u0131yla tam destekle birlikte t\u00fcm gereksinimlerinin sa\u011fland\u0131\u011f\u0131n\u0131 a\u00e7\u0131klad\u0131.<\/p>\n<p style=\"text-align: justify;\">SANA kameras\u0131 \u00f6\u011frencilerin projelerini gezdi. \u00d6\u011frenci \u015eehd Ali grubuyla birlikte, Uluslararas\u0131 Halep Stadyumu&#8217;nun projesi \u00fczerinde \u00e7al\u0131\u015ft\u0131\u011f\u0131n\u0131 belirterek, \u00f6\u011frencilerin yeteneklerini ve g\u00fc\u00e7lerini tan\u0131mlamada fuar\u0131n \u00f6nemine i\u015faret etti.<\/p>\n<p style=\"text-align: justify;\"><a href=\"http:\/\/www.sana.sy\/tr\/wp-content\/uploads\/2019\/07\/3-2.jpg\"><img loading=\"lazy\" decoding=\"async\" class=\"alignright size-medium wp-image-186430\" src=\"http:\/\/www.sana.sy\/tr\/wp-content\/uploads\/2019\/07\/3-2-300x168.jpg\" alt=\"\" width=\"300\" height=\"168\" srcset=\"https:\/\/archive.sana.sy\/tr\/wp-content\/uploads\/2019\/07\/3-2-300x168.jpg 300w, https:\/\/archive.sana.sy\/tr\/wp-content\/uploads\/2019\/07\/3-2-150x84.jpg 150w, https:\/\/archive.sana.sy\/tr\/wp-content\/uploads\/2019\/07\/3-2.jpg 660w\" sizes=\"auto, (max-width: 300px) 100vw, 300px\" \/><\/a><\/p>\n<p style=\"text-align: justify;\">\u00d6\u011frenci Tamer \u0130brahim, arkada\u015flar\u0131yla birlikte t\u00fcm modellerin uygulanmas\u0131 ve t\u00fcm hammaddelerin kullan\u0131lmas\u0131na y\u00f6nelik t\u00fcm \u00e7abalar\u0131 g\u00f6stermeye \u00e7al\u0131\u015fan meslekta\u015flar\u0131 ile birlikte \u00e7al\u0131\u015ft\u0131\u011f\u0131n\u0131 belirtti.<\/p>\n<p style=\"text-align: justify;\">Halid Hajjar ve Sidra Omran bir grup \u00f6\u011frenciyle birlikte, Ebu Hanifa Camii&#8217;nin minyat\u00fcr\u00fcn\u00fc toplum ruhunu yans\u0131tmak i\u00e7in i\u00e7indeki ince ve zor ayr\u0131nt\u0131lar\u0131yla birlikte yapt\u0131klar\u0131n\u0131 dile getirdi.<\/p>\n<p style=\"text-align: justify;\">\u00d6\u011frenci Muhammed Suruji, arkada\u015flar\u0131yla birlikte 16 Te\u015frin K\u00f6pr\u00fcs\u00fcn\u00fc \u00e7evreleyen binalar\u0131 yeniden geli\u015ftirmeyi hedeflediklerini belirterek projelerinin halihaz\u0131rdaki durumu taklit emek de\u011fil geli\u015ftirme ve blok binalar\u0131n\u0131n \u015fekillerini de\u011fi\u015ftirmeyi hedeflediklerine i\u015faret etti.<\/p>\n<p>\u00c7eviri: S.\u015eahut<\/p>\n<p><iframe loading=\"lazy\" title=\"\u0645\u0634\u0627\u0631\u064a\u0639 \u0644\u0637\u0644\u0627\u0628 \u0643\u0644\u064a\u0629 \u0627\u0644\u0647\u0646\u062f\u0633\u0629 \u0627\u0644\u0645\u0639\u0645\u0627\u0631\u064a\u0629 \u0628\u062d\u0644\u0628 \u062a\u062d\u0627\u0643\u064a \u0645\u0631\u062d\u0644\u0629 \u0625\u0639\u0627\u062f\u0629 \u0627\u0644\u0625\u0639\u0645\u0627\u0631\" width=\"618\" height=\"348\" src=\"https:\/\/www.youtube.com\/embed\/zRMU_AOVb8E?feature=oembed\" frameborder=\"0\" allow=\"accelerometer; autoplay; clipboard-write; encrypted-media; gyroscope; picture-in-picture; web-share\" referrerpolicy=\"strict-origin-when-cross-origin\" allowfullscreen><\/iframe><\/p>\n","protected":false},"excerpt":{"rendered":"<p>HALEP &#8211; Halep \u00dcniversitesi Mimarl\u0131k Fak\u00fcltesi\u2019nde \u201cHalihaz\u0131rdaki Durumun Ger\u00e7ekle\u015ftirilmesi Sanat\u0131&#8221; ba\u015fl\u0131kl\u0131 fuarda, ikinci s\u0131n\u0131f \u00f6\u011frencilerinin Kolej\u2019de minyat\u00fcr modeller tarz\u0131nda uygulad\u0131klar\u0131 projeler yer ald\u0131. Mimarl\u0131k Fak\u00fcltesi Dekan\u0131 Dr. Sadettin Zeytun, fuara kat\u0131lan \u00f6\u011frencilerin 15-20 \u00f6\u011frenciden olu\u015fan 20 gruba ayr\u0131ld\u0131\u011f\u0131n\u0131 s\u00f6yleyerek, Halep \u015fehrinin otel, spor tesisleri Halep Kalesi \u00e7evresinin bir b\u00f6l\u00fcm\u00fc ve baz\u0131 miras binalar gibi yeniden &hellip;<\/p>\n","protected":false},"author":1,"featured_media":186428,"comment_status":"closed","ping_status":"closed","sticky":false,"template":"","format":"standard","meta":{"footnotes":""},"categories":[516,511,17988],"tags":[],"class_list":["post-186427","post","type-post","status-publish","format-standard","has-post-thumbnail","","category-haberler-kultur-ve-sanat","category-kultur-ve-sanat","category-son-haberler"],"_links":{"self":[{"href":"https:\/\/archive.sana.sy\/tr\/index.php?rest_route=\/wp\/v2\/posts\/186427","targetHints":{"allow":["GET"]}}],"collection":[{"href":"https:\/\/archive.sana.sy\/tr\/index.php?rest_route=\/wp\/v2\/posts"}],"about":[{"href":"https:\/\/archive.sana.sy\/tr\/index.php?rest_route=\/wp\/v2\/types\/post"}],"author":[{"embeddable":true,"href":"https:\/\/archive.sana.sy\/tr\/index.php?rest_route=\/wp\/v2\/users\/1"}],"replies":[{"embeddable":true,"href":"https:\/\/archive.sana.sy\/tr\/index.php?rest_route=%2Fwp%2Fv2%2Fcomments&post=186427"}],"version-history":[{"count":0,"href":"https:\/\/archive.sana.sy\/tr\/index.php?rest_route=\/wp\/v2\/posts\/186427\/revisions"}],"wp:featuredmedia":[{"embeddable":true,"href":"https:\/\/archive.sana.sy\/tr\/index.php?rest_route=\/wp\/v2\/media\/186428"}],"wp:attachment":[{"href":"https:\/\/archive.sana.sy\/tr\/index.php?rest_route=%2Fwp%2Fv2%2Fmedia&parent=186427"}],"wp:term":[{"taxonomy":"category","embeddable":true,"href":"https:\/\/archive.sana.sy\/tr\/index.php?rest_route=%2Fwp%2Fv2%2Fcategories&post=186427"},{"taxonomy":"post_tag","embeddable":true,"href":"https:\/\/archive.sana.sy\/tr\/index.php?rest_route=%2Fwp%2Fv2%2Ftags&post=186427"}],"curies":[{"name":"wp","href":"https:\/\/api.w.org\/{rel}","templated":true}]}}