{"id":186432,"date":"2019-07-17T21:20:54","date_gmt":"2019-07-17T18:20:54","guid":{"rendered":"http:\/\/www.sana.sy\/tr\/?p=186432"},"modified":"2019-07-18T16:27:51","modified_gmt":"2019-07-18T13:27:51","slug":"sammari-buyukelci-dandah-ile-terorle-mucadelede-isbirligini-ele-aldi","status":"publish","type":"post","link":"https:\/\/archive.sana.sy\/tr\/?p=186432","title":{"rendered":"\u015eammari B\u00fcy\u00fckel\u00e7i Dandah \u0130le Ter\u00f6rle M\u00fccadelede \u0130\u015fbirli\u011fini Ele Ald\u0131"},"content":{"rendered":"<p style=\"text-align: justify;\">BA\u011eDAT \u2013 Irak Savunma Bakan\u0131 Nacah \u015eammari ve Suriye&#8217;nin Ba\u011fdat B\u00fcy\u00fckel\u00e7isi Sattam Cedan Dendah ile Suriye ve Irak aras\u0131ndaki ortak i\u015fbirli\u011finin geli\u015ftirilmesi yollar\u0131n\u0131 ele ald\u0131.<\/p>\n<p style=\"text-align: justify;\">Irak Savunma Bakanl\u0131\u011f\u0131ndan yay\u0131nlanan beyanda, &#8220;Suriye ve Irak aras\u0131ndaki i\u015fbirli\u011finin \u00f6zelikle deter\u00f6rle m\u00fccadele ve uykudaki h\u00fccreleri imha etmek ba\u015fta olmak \u00fczere ortak i\u015fbirli\u011finin&#8221;\u015eemmari ile Dandah aras\u0131nda g\u00f6r\u00fc\u015f\u00fcld\u00fc\u011f\u00fcn\u00fc belirtti.<\/p>\n<p style=\"text-align: justify;\">Kendi y\u00f6n\u00fcnden B\u00fcy\u00fckel\u00e7i Dendah, Ba\u011fdat SANA muhabirine a\u00e7\u0131klamas\u0131nda, g\u00f6r\u00fc\u015fmenin iki karde\u015f \u00fclkenin ter\u00f6rist \u00f6rg\u00fctlere kar\u015f\u0131 s\u00fcrd\u00fcrd\u00fc\u011f\u00fc m\u00fccadelede\u00a0 ortak koordinasyonun geli\u015ftirilmesi konusunda, Suriye ve Irak aras\u0131ndaki ikili isti\u015fareler \u00e7er\u00e7evesinde geldi\u011fini vurgulad\u0131.<\/p>\n<p>\u00c7eviri: S.\u015eahut<\/p>\n","protected":false},"excerpt":{"rendered":"<p>BA\u011eDAT \u2013 Irak Savunma Bakan\u0131 Nacah \u015eammari ve Suriye&#8217;nin Ba\u011fdat B\u00fcy\u00fckel\u00e7isi Sattam Cedan Dendah ile Suriye ve Irak aras\u0131ndaki ortak i\u015fbirli\u011finin geli\u015ftirilmesi yollar\u0131n\u0131 ele ald\u0131. Irak Savunma Bakanl\u0131\u011f\u0131ndan yay\u0131nlanan beyanda, &#8220;Suriye ve Irak aras\u0131ndaki i\u015fbirli\u011finin \u00f6zelikle deter\u00f6rle m\u00fccadele ve uykudaki h\u00fccreleri imha etmek ba\u015fta olmak \u00fczere ortak i\u015fbirli\u011finin&#8221;\u015eemmari ile Dandah aras\u0131nda g\u00f6r\u00fc\u015f\u00fcld\u00fc\u011f\u00fcn\u00fc belirtti. Kendi y\u00f6n\u00fcnden &hellip;<\/p>\n","protected":false},"author":1,"featured_media":186433,"comment_status":"closed","ping_status":"closed","sticky":false,"template":"","format":"standard","meta":{"footnotes":""},"categories":[458,459,17988],"tags":[],"class_list":["post-186432","post","type-post","status-publish","format-standard","has-post-thumbnail","","category-dunya1","category-haberler-arap-uluslararasi-politika","category-son-haberler"],"_links":{"self":[{"href":"https:\/\/archive.sana.sy\/tr\/index.php?rest_route=\/wp\/v2\/posts\/186432","targetHints":{"allow":["GET"]}}],"collection":[{"href":"https:\/\/archive.sana.sy\/tr\/index.php?rest_route=\/wp\/v2\/posts"}],"about":[{"href":"https:\/\/archive.sana.sy\/tr\/index.php?rest_route=\/wp\/v2\/types\/post"}],"author":[{"embeddable":true,"href":"https:\/\/archive.sana.sy\/tr\/index.php?rest_route=\/wp\/v2\/users\/1"}],"replies":[{"embeddable":true,"href":"https:\/\/archive.sana.sy\/tr\/index.php?rest_route=%2Fwp%2Fv2%2Fcomments&post=186432"}],"version-history":[{"count":0,"href":"https:\/\/archive.sana.sy\/tr\/index.php?rest_route=\/wp\/v2\/posts\/186432\/revisions"}],"wp:featuredmedia":[{"embeddable":true,"href":"https:\/\/archive.sana.sy\/tr\/index.php?rest_route=\/wp\/v2\/media\/186433"}],"wp:attachment":[{"href":"https:\/\/archive.sana.sy\/tr\/index.php?rest_route=%2Fwp%2Fv2%2Fmedia&parent=186432"}],"wp:term":[{"taxonomy":"category","embeddable":true,"href":"https:\/\/archive.sana.sy\/tr\/index.php?rest_route=%2Fwp%2Fv2%2Fcategories&post=186432"},{"taxonomy":"post_tag","embeddable":true,"href":"https:\/\/archive.sana.sy\/tr\/index.php?rest_route=%2Fwp%2Fv2%2Ftags&post=186432"}],"curies":[{"name":"wp","href":"https:\/\/api.w.org\/{rel}","templated":true}]}}