{"id":186435,"date":"2019-07-17T21:23:56","date_gmt":"2019-07-17T18:23:56","guid":{"rendered":"http:\/\/www.sana.sy\/tr\/?p=186435"},"modified":"2019-07-18T16:27:55","modified_gmt":"2019-07-18T13:27:55","slug":"onyedi-yas-alti-suriye-basketbol-milli-takimi-iran-dostluk-sampiyonasinda-katari-yendi","status":"publish","type":"post","link":"https:\/\/archive.sana.sy\/tr\/?p=186435","title":{"rendered":"Onyedi Ya\u015f Alt\u0131 Suriye Basketbol Milli Tak\u0131m\u0131 \u0130ran Dostluk \u015eampiyonas\u0131nda Katar&#8217;\u0131 Yendi"},"content":{"rendered":"<p style=\"text-align: justify;\">TAHRAN \u2013 Onyedi ya\u015f alt\u0131 Suriye Basketbol Milli Tak\u0131m\u0131 Uluslararas\u0131 \u0130ran Dostluk Turnuvas\u0131nda bug\u00fcn Katar ile oynad\u0131\u011f\u0131 kar\u015f\u0131la\u015fmay\u0131 80-70 ma\u011flup etti.<\/p>\n<p style=\"text-align: justify;\">Millilerimiz d\u00fcn ve bir \u00f6nceki g\u00fcn iki ma\u00e7 oynam\u0131\u015f, ilk ma\u00e7\u0131n\u0131 16 ya\u015f alt\u0131 \u0130ran tak\u0131m\u0131 kar\u015f\u0131s\u0131nda 40-65 kaybetmi\u015f ikinci ma\u00e7\u0131n\u0131 ise 18 ya\u015f alt\u0131 \u0130ran tak\u0131m\u0131n\u0131 94-41 ile galip ayr\u0131lm\u0131\u015ft\u0131.<\/p>\n<p>\u00c7eviri: S.\u015eahut<\/p>\n","protected":false},"excerpt":{"rendered":"<p>TAHRAN \u2013 Onyedi ya\u015f alt\u0131 Suriye Basketbol Milli Tak\u0131m\u0131 Uluslararas\u0131 \u0130ran Dostluk Turnuvas\u0131nda bug\u00fcn Katar ile oynad\u0131\u011f\u0131 kar\u015f\u0131la\u015fmay\u0131 80-70 ma\u011flup etti. Millilerimiz d\u00fcn ve bir \u00f6nceki g\u00fcn iki ma\u00e7 oynam\u0131\u015f, ilk ma\u00e7\u0131n\u0131 16 ya\u015f alt\u0131 \u0130ran tak\u0131m\u0131 kar\u015f\u0131s\u0131nda 40-65 kaybetmi\u015f ikinci ma\u00e7\u0131n\u0131 ise 18 ya\u015f alt\u0131 \u0130ran tak\u0131m\u0131n\u0131 94-41 ile galip ayr\u0131lm\u0131\u015ft\u0131. \u00c7eviri: S.\u015eahut<\/p>\n","protected":false},"author":1,"featured_media":186436,"comment_status":"closed","ping_status":"closed","sticky":false,"template":"","format":"standard","meta":{"footnotes":""},"categories":[498,17988,496],"tags":[],"class_list":["post-186435","post","type-post","status-publish","format-standard","has-post-thumbnail","","category-dunya-turnuvalari","category-son-haberler","category-spor"],"_links":{"self":[{"href":"https:\/\/archive.sana.sy\/tr\/index.php?rest_route=\/wp\/v2\/posts\/186435","targetHints":{"allow":["GET"]}}],"collection":[{"href":"https:\/\/archive.sana.sy\/tr\/index.php?rest_route=\/wp\/v2\/posts"}],"about":[{"href":"https:\/\/archive.sana.sy\/tr\/index.php?rest_route=\/wp\/v2\/types\/post"}],"author":[{"embeddable":true,"href":"https:\/\/archive.sana.sy\/tr\/index.php?rest_route=\/wp\/v2\/users\/1"}],"replies":[{"embeddable":true,"href":"https:\/\/archive.sana.sy\/tr\/index.php?rest_route=%2Fwp%2Fv2%2Fcomments&post=186435"}],"version-history":[{"count":0,"href":"https:\/\/archive.sana.sy\/tr\/index.php?rest_route=\/wp\/v2\/posts\/186435\/revisions"}],"wp:featuredmedia":[{"embeddable":true,"href":"https:\/\/archive.sana.sy\/tr\/index.php?rest_route=\/wp\/v2\/media\/186436"}],"wp:attachment":[{"href":"https:\/\/archive.sana.sy\/tr\/index.php?rest_route=%2Fwp%2Fv2%2Fmedia&parent=186435"}],"wp:term":[{"taxonomy":"category","embeddable":true,"href":"https:\/\/archive.sana.sy\/tr\/index.php?rest_route=%2Fwp%2Fv2%2Fcategories&post=186435"},{"taxonomy":"post_tag","embeddable":true,"href":"https:\/\/archive.sana.sy\/tr\/index.php?rest_route=%2Fwp%2Fv2%2Ftags&post=186435"}],"curies":[{"name":"wp","href":"https:\/\/api.w.org\/{rel}","templated":true}]}}