{"id":186467,"date":"2019-07-19T14:03:47","date_gmt":"2019-07-19T11:03:47","guid":{"rendered":"http:\/\/www.sana.sy\/tr\/?p=186467"},"modified":"2019-07-20T13:27:55","modified_gmt":"2019-07-20T10:27:55","slug":"toplantilarda-idlib-ve-suriyenin-kuzeydogusundaki-gelismelere-odaklanacak","status":"publish","type":"post","link":"https:\/\/archive.sana.sy\/tr\/?p=186467","title":{"rendered":"\u0130dlib ve Suriye\u2019nin Kuzeydo\u011fusundaki Geli\u015fmeler Ele Al\u0131n\u0131yor"},"content":{"rendered":"<p>NURSULTAN \u2013 Kazakistan D\u0131\u015fi\u015fleri Bakanl\u0131\u011f\u0131, Suriye\u2019deki krizin \u00e7\u00f6z\u00fclmesine y\u00f6nelik gelecek Astana toplant\u0131lar\u0131n\u0131n 1-2 A\u011fustos tarihleri aras\u0131nda yap\u0131laca\u011f\u0131n\u0131 ilan etti.<\/p>\n<p>Kazakistan D\u0131\u015fi\u015fleri Bakanl\u0131\u011f\u0131 bug\u00fcn yay\u0131nlad\u0131\u011f\u0131 beyanda; Astana S\u00fcreci 13. tur toplant\u0131lar\u0131n\u0131n Kazakistan&#8217;\u0131n Ba\u015fkenti Nur-Sultan\u2019da yap\u0131laca\u011f\u0131n\u0131 belirtti.<\/p>\n<p>Bakanl\u0131k; garant\u00f6r \u00fclkelerin (Rusya, \u0130ran ve T\u00fcrkiye) Suriye Cumhuriyeti heyeti ve muhalefet heyeti yan\u0131 s\u0131ra Birle\u015fik Milletler, \u00dcrd\u00fcn, L\u00fcbnan ve Irak temsilcilerinin g\u00f6zlemci olarak kat\u0131lacaklar\u0131n\u0131 a\u00e7\u0131klad\u0131.<\/p>\n<p>Beyanda ayr\u0131ca; gelecek toplant\u0131larda, \u00f6zellikle \u0130dlib ve \u00fclkenin kuzey do\u011fusundaki son geli\u015fmeler ba\u015fta olmak \u00fczere Suriye&#8217;deki durumlara odaklan\u0131laca\u011f\u0131 belirtildi.<\/p>\n<p>\u00c7eviri: P.M.<\/p>\n","protected":false},"excerpt":{"rendered":"<p>NURSULTAN \u2013 Kazakistan D\u0131\u015fi\u015fleri Bakanl\u0131\u011f\u0131, Suriye\u2019deki krizin \u00e7\u00f6z\u00fclmesine y\u00f6nelik gelecek Astana toplant\u0131lar\u0131n\u0131n 1-2 A\u011fustos tarihleri aras\u0131nda yap\u0131laca\u011f\u0131n\u0131 ilan etti. Kazakistan D\u0131\u015fi\u015fleri Bakanl\u0131\u011f\u0131 bug\u00fcn yay\u0131nlad\u0131\u011f\u0131 beyanda; Astana S\u00fcreci 13. tur toplant\u0131lar\u0131n\u0131n Kazakistan&#8217;\u0131n Ba\u015fkenti Nur-Sultan\u2019da yap\u0131laca\u011f\u0131n\u0131 belirtti. Bakanl\u0131k; garant\u00f6r \u00fclkelerin (Rusya, \u0130ran ve T\u00fcrkiye) Suriye Cumhuriyeti heyeti ve muhalefet heyeti yan\u0131 s\u0131ra Birle\u015fik Milletler, \u00dcrd\u00fcn, L\u00fcbnan ve &hellip;<\/p>\n","protected":false},"author":1,"featured_media":186471,"comment_status":"closed","ping_status":"closed","sticky":false,"template":"","format":"standard","meta":{"footnotes":""},"categories":[458,459,17988,2554,2555],"tags":[],"class_list":["post-186467","post","type-post","status-publish","format-standard","has-post-thumbnail","","category-dunya1","category-haberler-arap-uluslararasi-politika","category-son-haberler","category-suriye-ve-dunya","category-suriye-ve-turkiye"],"_links":{"self":[{"href":"https:\/\/archive.sana.sy\/tr\/index.php?rest_route=\/wp\/v2\/posts\/186467","targetHints":{"allow":["GET"]}}],"collection":[{"href":"https:\/\/archive.sana.sy\/tr\/index.php?rest_route=\/wp\/v2\/posts"}],"about":[{"href":"https:\/\/archive.sana.sy\/tr\/index.php?rest_route=\/wp\/v2\/types\/post"}],"author":[{"embeddable":true,"href":"https:\/\/archive.sana.sy\/tr\/index.php?rest_route=\/wp\/v2\/users\/1"}],"replies":[{"embeddable":true,"href":"https:\/\/archive.sana.sy\/tr\/index.php?rest_route=%2Fwp%2Fv2%2Fcomments&post=186467"}],"version-history":[{"count":0,"href":"https:\/\/archive.sana.sy\/tr\/index.php?rest_route=\/wp\/v2\/posts\/186467\/revisions"}],"wp:featuredmedia":[{"embeddable":true,"href":"https:\/\/archive.sana.sy\/tr\/index.php?rest_route=\/wp\/v2\/media\/186471"}],"wp:attachment":[{"href":"https:\/\/archive.sana.sy\/tr\/index.php?rest_route=%2Fwp%2Fv2%2Fmedia&parent=186467"}],"wp:term":[{"taxonomy":"category","embeddable":true,"href":"https:\/\/archive.sana.sy\/tr\/index.php?rest_route=%2Fwp%2Fv2%2Fcategories&post=186467"},{"taxonomy":"post_tag","embeddable":true,"href":"https:\/\/archive.sana.sy\/tr\/index.php?rest_route=%2Fwp%2Fv2%2Ftags&post=186467"}],"curies":[{"name":"wp","href":"https:\/\/api.w.org\/{rel}","templated":true}]}}