{"id":186479,"date":"2019-07-19T14:33:52","date_gmt":"2019-07-19T11:33:52","guid":{"rendered":"http:\/\/www.sana.sy\/tr\/?p=186479"},"modified":"2019-07-20T13:26:00","modified_gmt":"2019-07-20T10:26:00","slug":"abd-suriyedeki-terorist-gruplara-silah-destegi-verdi","status":"publish","type":"post","link":"https:\/\/archive.sana.sy\/tr\/?p=186479","title":{"rendered":"ABD Suriye&#8217;deki Ter\u00f6rist Gruplara Silah Deste\u011fi Verdi"},"content":{"rendered":"<p>WASH\u0130NGTON \u2013 \u0130ran D\u0131\u015fi\u015fleri Bakan\u0131 Muhammed Cevat Zarif, Amerika Birle\u015fik Devletlerinin Suriye&#8217;de ba\u015fta I\u015e\u0130D ve Nusra Cephesi ter\u00f6r \u00f6rg\u00fctleri olmak \u00fczere ter\u00f6rist \u00f6rg\u00fctlere silah deste\u011finde bulundu\u011funu belirtti.<\/p>\n<p>Zarif&#8217;in bu s\u00f6zleri Amerikan &#8220;National \u0130nterest&#8221; dergisinin New York&#8217;ta d\u00fczenlenen Birle\u015fmi\u015f Miller \u00d6rg\u00fct\u00fcn\u00fcn Sosyal Ekonomi Konseyi toplant\u0131lar\u0131na kat\u0131ld\u0131\u011f\u0131 s\u0131rada kendisiyle d\u00fczenledi\u011fi r\u00f6portajda geldi.<\/p>\n<p>ABD\u2019nin Washington\u2019un ter\u00f6r \u00f6rg\u00fctleri listesinden \u00e7\u0131karmaya \u00e7al\u0131\u015ft\u0131\u011f\u0131 Nusra Cephesi ter\u00f6r \u00f6rg\u00fct\u00fcne daha fazla silah g\u00f6nderme ihtimaliyle ilgili soruya Zarif, daha \u00f6nce de silah deste\u011finde bulunduklar\u0131n\u0131, bunu sadece Nusra Cephesine de\u011fil I\u015e\u0130D ter\u00f6r \u00f6rg\u00fct\u00fcne de sa\u011flad\u0131klar\u0131n\u0131 s\u00f6yledi.<\/p>\n<p>Amerika Birle\u015fik Devletleri, Suriye&#8217;ye y\u00f6nelik sava\u015f boyunca ter\u00f6r \u00f6rg\u00fctlerini &#8220;\u0131l\u0131ml\u0131 muhalefet&#8221; ad\u0131 alt\u0131nda \u00e7e\u015fitli \u015fekillerde para ve silahlarla destekledi.<\/p>\n<p>Rusya D\u0131\u015fi\u015fleri Bakan\u0131 Sergey Lavrov iki g\u00fcn \u00f6nce yapt\u0131\u011f\u0131 a\u00e7\u0131klamada, Washington&#8217;un Nusra Cephesi ter\u00f6r \u00f6rg\u00fct\u00fcn\u00fc, bat\u0131n\u0131n jeopolitik hedeflerine hizmet etmek i\u00e7in ter\u00f6r \u00f6rg\u00fctleri listesinden \u00e7\u0131karmaya \u00e7al\u0131\u015ft\u0131\u011f\u0131n\u0131 s\u00f6ylemi\u015fti.<\/p>\n<p>\u00d6te yandan Zarif, ABD Ba\u015fkan\u0131 Donald Trump y\u00f6netimi taraf\u0131ndan \u00fclkesine uygulanan bask\u0131 politikas\u0131n\u0131n &#8220;k\u00f6t\u00fc niyetlerin ve k\u00f6t\u00fc tavsiyelerin&#8221; sonucu oldu\u011funu ve \u0130ran&#8217;\u0131 m\u00fczakere etmeye mecbur edemeyece\u011fini vurgulad\u0131.<\/p>\n<p>Zarif, ABD&#8217;nin k\u00f6rfezdeki varl\u0131\u011f\u0131n\u0131 art\u0131rd\u0131\u011f\u0131n\u0131 bunun b\u00f6lge g\u00fcvenli\u011fi ve istikrar\u0131n\u0131 desteklemedi\u011fine i\u015faret ederek; \u201cBu k\u00fc\u00e7\u00fck bir su yamas\u0131d\u0131r k\u00fc\u00e7\u00fck kazalar olmadan bu trafik s\u0131k\u0131\u015f\u0131kl\u0131\u011f\u0131 \u00e7\u00f6z\u00fclemez\u201d dedi.<\/p>\n<p>Amerikan yetkililerinin Suudi Arabistan&#8217;a yakla\u015f\u0131k 500 ek asker g\u00f6ndermeleri konusunda ise Zarif, bu ad\u0131m\u0131n kimsenin g\u00fcvenli\u011fini desteklemeyece\u011fini s\u00f6yledi.<\/p>\n<p>\u00c7eviri: S.\u015eahut<\/p>\n","protected":false},"excerpt":{"rendered":"<p>WASH\u0130NGTON \u2013 \u0130ran D\u0131\u015fi\u015fleri Bakan\u0131 Muhammed Cevat Zarif, Amerika Birle\u015fik Devletlerinin Suriye&#8217;de ba\u015fta I\u015e\u0130D ve Nusra Cephesi ter\u00f6r \u00f6rg\u00fctleri olmak \u00fczere ter\u00f6rist \u00f6rg\u00fctlere silah deste\u011finde bulundu\u011funu belirtti. Zarif&#8217;in bu s\u00f6zleri Amerikan &#8220;National \u0130nterest&#8221; dergisinin New York&#8217;ta d\u00fczenlenen Birle\u015fmi\u015f Miller \u00d6rg\u00fct\u00fcn\u00fcn Sosyal Ekonomi Konseyi toplant\u0131lar\u0131na kat\u0131ld\u0131\u011f\u0131 s\u0131rada kendisiyle d\u00fczenledi\u011fi r\u00f6portajda geldi. ABD\u2019nin Washington\u2019un ter\u00f6r \u00f6rg\u00fctleri listesinden &hellip;<\/p>\n","protected":false},"author":1,"featured_media":186480,"comment_status":"closed","ping_status":"closed","sticky":false,"template":"","format":"standard","meta":{"footnotes":""},"categories":[458,459,17988],"tags":[],"class_list":["post-186479","post","type-post","status-publish","format-standard","has-post-thumbnail","","category-dunya1","category-haberler-arap-uluslararasi-politika","category-son-haberler"],"_links":{"self":[{"href":"https:\/\/archive.sana.sy\/tr\/index.php?rest_route=\/wp\/v2\/posts\/186479","targetHints":{"allow":["GET"]}}],"collection":[{"href":"https:\/\/archive.sana.sy\/tr\/index.php?rest_route=\/wp\/v2\/posts"}],"about":[{"href":"https:\/\/archive.sana.sy\/tr\/index.php?rest_route=\/wp\/v2\/types\/post"}],"author":[{"embeddable":true,"href":"https:\/\/archive.sana.sy\/tr\/index.php?rest_route=\/wp\/v2\/users\/1"}],"replies":[{"embeddable":true,"href":"https:\/\/archive.sana.sy\/tr\/index.php?rest_route=%2Fwp%2Fv2%2Fcomments&post=186479"}],"version-history":[{"count":0,"href":"https:\/\/archive.sana.sy\/tr\/index.php?rest_route=\/wp\/v2\/posts\/186479\/revisions"}],"wp:featuredmedia":[{"embeddable":true,"href":"https:\/\/archive.sana.sy\/tr\/index.php?rest_route=\/wp\/v2\/media\/186480"}],"wp:attachment":[{"href":"https:\/\/archive.sana.sy\/tr\/index.php?rest_route=%2Fwp%2Fv2%2Fmedia&parent=186479"}],"wp:term":[{"taxonomy":"category","embeddable":true,"href":"https:\/\/archive.sana.sy\/tr\/index.php?rest_route=%2Fwp%2Fv2%2Fcategories&post=186479"},{"taxonomy":"post_tag","embeddable":true,"href":"https:\/\/archive.sana.sy\/tr\/index.php?rest_route=%2Fwp%2Fv2%2Ftags&post=186479"}],"curies":[{"name":"wp","href":"https:\/\/api.w.org\/{rel}","templated":true}]}}