{"id":186500,"date":"2019-07-19T13:00:40","date_gmt":"2019-07-19T10:00:40","guid":{"rendered":"http:\/\/www.sana.sy\/tr\/?p=186500"},"modified":"2019-07-20T13:25:42","modified_gmt":"2019-07-20T10:25:42","slug":"asya-kupasi-finallerine-hazirlik-icin-suriye-olimpik-milli-takimi-dis-kampina-rusyada-basladi","status":"publish","type":"post","link":"https:\/\/archive.sana.sy\/tr\/?p=186500","title":{"rendered":"Asya Kupas\u0131 Finallerine Haz\u0131rl\u0131k \u0130\u00e7in Suriye Olimpik Milli Tak\u0131m\u0131 D\u0131\u015f Kamp\u0131na Rusya&#8217;da Ba\u015flad\u0131"},"content":{"rendered":"<p>MOSKOVA \u2013 Suriye Olimpik Milli Futbol Tak\u0131m\u0131 2020 Tokyo olimpiyatlar\u0131na kat\u0131lmaya hak kazanmak i\u00e7in gelecek Ocak ay\u0131nda Tayland&#8217;ta d\u00fczenlenecek olan 23 ya\u015f alt\u0131 Asya Kupas\u0131 Finallerine haz\u0131rl\u0131k olarak Rusya&#8217;n\u0131n Krasnador kentindeki d\u0131\u015f kamp \u00e7al\u0131\u015fmalar\u0131na d\u00fcn ba\u015flad\u0131.<\/p>\n<p>Sabah antrenman\u0131nda Teknik Direkt\u00f6r Eymen Hakim, spor salonunda fitness egzersizlerine odaklanarak, seyahat s\u0131k\u0131nt\u0131s\u0131ndan sonra oyuncular\u0131 iyile\u015ftirmek ve kaslar\u0131 gev\u015fetmek i\u00e7in egzersizler yapt\u0131, ak\u015fam antrenman\u0131nda ise topa sahip olma egzersizleri ile \u0130sve\u00e7&#8217;ten gelen profesyonel oyuncular\u0131n, Abdul Menan Halil, Antonios Abdul Ahad, Artin Bursal\u0131 ve Martin Isa&#8217;n\u0131n seviyelerini g\u00f6rmek i\u00e7in h\u00fccum oyunlar\u0131 \u00fczerinde egzersizler yap\u0131ld\u0131.<\/p>\n<p>Milli tak\u0131m heyeti, denet\u00e7i Rafet el \u015eamali, teknik direkt\u00f6r olarak Eymen el Hakim, teknik direkt\u00f6r yard\u0131mc\u0131lar\u0131 olarak kaleci antren\u00f6r\u00fc Musab Mohammed, y\u00f6netici olarak Ahmet Zeyno, Tak\u0131mlar b\u00f6l\u00fcm\u00fc m\u00fcd\u00fcr\u00fc Muhammed Fethullah, fizyoterapistler, gazeteci ve te\u00e7hizat sorumlular\u0131ndan olu\u015fuyor.<\/p>\n<p>Oyuncular ise Yusuf Muhammed, Muhammed Malata, Enes El Aji, Enis Bitar, Zakaria Hanan, Abdel Rahman Barakat, Ayman Akil, Zaid Greer, Leys Muhammed Ali, Ahmed Raecep, Muhammed El Beri, Milat Hamad, Subhi \u015euvan, Abdulkadir Odeh, Mervvan Zeiydan, Muhammed Mazen Amara, Gays S\u00fcleyman, Alaaddin el Dali, Wilyam Gannam, Muhammed Emin Haddad, Abdulhadi \u015ealha, Muhammed Hallak ve Rami el Turk.<\/p>\n<div id='gallery-1' class='gallery galleryid-186500 gallery-columns-2 gallery-size-full'><figure class='gallery-item'>\n\t\t\t<div class='gallery-icon landscape'>\n\t\t\t\t<a href='https:\/\/archive.sana.sy\/tr\/wp-content\/uploads\/2019\/07\/2-4.jpg'><img loading=\"lazy\" decoding=\"async\" width=\"3543\" height=\"2362\" src=\"https:\/\/archive.sana.sy\/tr\/wp-content\/uploads\/2019\/07\/2-4.jpg\" class=\"attachment-full size-full\" alt=\"\" srcset=\"https:\/\/archive.sana.sy\/tr\/wp-content\/uploads\/2019\/07\/2-4.jpg 3543w, https:\/\/archive.sana.sy\/tr\/wp-content\/uploads\/2019\/07\/2-4-150x100.jpg 150w, https:\/\/archive.sana.sy\/tr\/wp-content\/uploads\/2019\/07\/2-4-300x200.jpg 300w, https:\/\/archive.sana.sy\/tr\/wp-content\/uploads\/2019\/07\/2-4-768x512.jpg 768w, https:\/\/archive.sana.sy\/tr\/wp-content\/uploads\/2019\/07\/2-4-1024x683.jpg 1024w\" sizes=\"auto, (max-width: 3543px) 100vw, 3543px\" \/><\/a>\n\t\t\t<\/div><\/figure><figure class='gallery-item'>\n\t\t\t<div class='gallery-icon landscape'>\n\t\t\t\t<a href='https:\/\/archive.sana.sy\/tr\/wp-content\/uploads\/2019\/07\/3-3.jpg'><img loading=\"lazy\" decoding=\"async\" width=\"3543\" height=\"2362\" src=\"https:\/\/archive.sana.sy\/tr\/wp-content\/uploads\/2019\/07\/3-3.jpg\" class=\"attachment-full size-full\" alt=\"\" srcset=\"https:\/\/archive.sana.sy\/tr\/wp-content\/uploads\/2019\/07\/3-3.jpg 3543w, https:\/\/archive.sana.sy\/tr\/wp-content\/uploads\/2019\/07\/3-3-150x100.jpg 150w, https:\/\/archive.sana.sy\/tr\/wp-content\/uploads\/2019\/07\/3-3-300x200.jpg 300w, https:\/\/archive.sana.sy\/tr\/wp-content\/uploads\/2019\/07\/3-3-768x512.jpg 768w, https:\/\/archive.sana.sy\/tr\/wp-content\/uploads\/2019\/07\/3-3-1024x683.jpg 1024w\" sizes=\"auto, (max-width: 3543px) 100vw, 3543px\" \/><\/a>\n\t\t\t<\/div><\/figure><figure class='gallery-item'>\n\t\t\t<div class='gallery-icon landscape'>\n\t\t\t\t<a href='https:\/\/archive.sana.sy\/tr\/wp-content\/uploads\/2019\/07\/4-2.jpg'><img loading=\"lazy\" decoding=\"async\" width=\"3543\" height=\"2362\" src=\"https:\/\/archive.sana.sy\/tr\/wp-content\/uploads\/2019\/07\/4-2.jpg\" class=\"attachment-full size-full\" alt=\"\" srcset=\"https:\/\/archive.sana.sy\/tr\/wp-content\/uploads\/2019\/07\/4-2.jpg 3543w, https:\/\/archive.sana.sy\/tr\/wp-content\/uploads\/2019\/07\/4-2-150x100.jpg 150w, https:\/\/archive.sana.sy\/tr\/wp-content\/uploads\/2019\/07\/4-2-300x200.jpg 300w, https:\/\/archive.sana.sy\/tr\/wp-content\/uploads\/2019\/07\/4-2-768x512.jpg 768w, https:\/\/archive.sana.sy\/tr\/wp-content\/uploads\/2019\/07\/4-2-1024x683.jpg 1024w\" sizes=\"auto, (max-width: 3543px) 100vw, 3543px\" \/><\/a>\n\t\t\t<\/div><\/figure><figure class='gallery-item'>\n\t\t\t<div class='gallery-icon landscape'>\n\t\t\t\t<a href='https:\/\/archive.sana.sy\/tr\/wp-content\/uploads\/2019\/07\/5-3.jpg'><img loading=\"lazy\" decoding=\"async\" width=\"3543\" height=\"2362\" src=\"https:\/\/archive.sana.sy\/tr\/wp-content\/uploads\/2019\/07\/5-3.jpg\" class=\"attachment-full size-full\" alt=\"\" srcset=\"https:\/\/archive.sana.sy\/tr\/wp-content\/uploads\/2019\/07\/5-3.jpg 3543w, https:\/\/archive.sana.sy\/tr\/wp-content\/uploads\/2019\/07\/5-3-150x100.jpg 150w, https:\/\/archive.sana.sy\/tr\/wp-content\/uploads\/2019\/07\/5-3-300x200.jpg 300w, https:\/\/archive.sana.sy\/tr\/wp-content\/uploads\/2019\/07\/5-3-768x512.jpg 768w, https:\/\/archive.sana.sy\/tr\/wp-content\/uploads\/2019\/07\/5-3-1024x683.jpg 1024w\" sizes=\"auto, (max-width: 3543px) 100vw, 3543px\" \/><\/a>\n\t\t\t<\/div><\/figure><figure class='gallery-item'>\n\t\t\t<div class='gallery-icon landscape'>\n\t\t\t\t<a href='https:\/\/archive.sana.sy\/tr\/wp-content\/uploads\/2019\/07\/6-1.jpg'><img loading=\"lazy\" decoding=\"async\" width=\"3543\" height=\"2361\" src=\"https:\/\/archive.sana.sy\/tr\/wp-content\/uploads\/2019\/07\/6-1.jpg\" class=\"attachment-full size-full\" alt=\"\" srcset=\"https:\/\/archive.sana.sy\/tr\/wp-content\/uploads\/2019\/07\/6-1.jpg 3543w, https:\/\/archive.sana.sy\/tr\/wp-content\/uploads\/2019\/07\/6-1-150x100.jpg 150w, https:\/\/archive.sana.sy\/tr\/wp-content\/uploads\/2019\/07\/6-1-300x200.jpg 300w, https:\/\/archive.sana.sy\/tr\/wp-content\/uploads\/2019\/07\/6-1-768x512.jpg 768w, https:\/\/archive.sana.sy\/tr\/wp-content\/uploads\/2019\/07\/6-1-1024x682.jpg 1024w\" sizes=\"auto, (max-width: 3543px) 100vw, 3543px\" \/><\/a>\n\t\t\t<\/div><\/figure><figure class='gallery-item'>\n\t\t\t<div class='gallery-icon landscape'>\n\t\t\t\t<a href='https:\/\/archive.sana.sy\/tr\/wp-content\/uploads\/2019\/07\/\u0627\u0648\u0644\u0645\u0628\u064a-1.jpg'><img loading=\"lazy\" decoding=\"async\" width=\"3543\" height=\"2361\" src=\"https:\/\/archive.sana.sy\/tr\/wp-content\/uploads\/2019\/07\/\u0627\u0648\u0644\u0645\u0628\u064a-1.jpg\" class=\"attachment-full size-full\" alt=\"\" srcset=\"https:\/\/archive.sana.sy\/tr\/wp-content\/uploads\/2019\/07\/\u0627\u0648\u0644\u0645\u0628\u064a-1.jpg 3543w, https:\/\/archive.sana.sy\/tr\/wp-content\/uploads\/2019\/07\/\u0627\u0648\u0644\u0645\u0628\u064a-1-150x100.jpg 150w, https:\/\/archive.sana.sy\/tr\/wp-content\/uploads\/2019\/07\/\u0627\u0648\u0644\u0645\u0628\u064a-1-300x200.jpg 300w, https:\/\/archive.sana.sy\/tr\/wp-content\/uploads\/2019\/07\/\u0627\u0648\u0644\u0645\u0628\u064a-1-768x512.jpg 768w, https:\/\/archive.sana.sy\/tr\/wp-content\/uploads\/2019\/07\/\u0627\u0648\u0644\u0645\u0628\u064a-1-1024x682.jpg 1024w\" sizes=\"auto, (max-width: 3543px) 100vw, 3543px\" \/><\/a>\n\t\t\t<\/div><\/figure>\n\t\t<\/div>\n\n","protected":false},"excerpt":{"rendered":"<p>MOSKOVA \u2013 Suriye Olimpik Milli Futbol Tak\u0131m\u0131 2020 Tokyo olimpiyatlar\u0131na kat\u0131lmaya hak kazanmak i\u00e7in gelecek Ocak ay\u0131nda Tayland&#8217;ta d\u00fczenlenecek olan 23 ya\u015f alt\u0131 Asya Kupas\u0131 Finallerine haz\u0131rl\u0131k olarak Rusya&#8217;n\u0131n Krasnador kentindeki d\u0131\u015f kamp \u00e7al\u0131\u015fmalar\u0131na d\u00fcn ba\u015flad\u0131. Sabah antrenman\u0131nda Teknik Direkt\u00f6r Eymen Hakim, spor salonunda fitness egzersizlerine odaklanarak, seyahat s\u0131k\u0131nt\u0131s\u0131ndan sonra oyuncular\u0131 iyile\u015ftirmek ve kaslar\u0131 gev\u015fetmek &hellip;<\/p>\n","protected":false},"author":1,"featured_media":186502,"comment_status":"closed","ping_status":"closed","sticky":false,"template":"","format":"standard","meta":{"footnotes":""},"categories":[498,596,17988,496],"tags":[],"class_list":["post-186500","post","type-post","status-publish","format-standard","has-post-thumbnail","","category-dunya-turnuvalari","category-fotografli-raporlar","category-son-haberler","category-spor"],"_links":{"self":[{"href":"https:\/\/archive.sana.sy\/tr\/index.php?rest_route=\/wp\/v2\/posts\/186500","targetHints":{"allow":["GET"]}}],"collection":[{"href":"https:\/\/archive.sana.sy\/tr\/index.php?rest_route=\/wp\/v2\/posts"}],"about":[{"href":"https:\/\/archive.sana.sy\/tr\/index.php?rest_route=\/wp\/v2\/types\/post"}],"author":[{"embeddable":true,"href":"https:\/\/archive.sana.sy\/tr\/index.php?rest_route=\/wp\/v2\/users\/1"}],"replies":[{"embeddable":true,"href":"https:\/\/archive.sana.sy\/tr\/index.php?rest_route=%2Fwp%2Fv2%2Fcomments&post=186500"}],"version-history":[{"count":0,"href":"https:\/\/archive.sana.sy\/tr\/index.php?rest_route=\/wp\/v2\/posts\/186500\/revisions"}],"wp:featuredmedia":[{"embeddable":true,"href":"https:\/\/archive.sana.sy\/tr\/index.php?rest_route=\/wp\/v2\/media\/186502"}],"wp:attachment":[{"href":"https:\/\/archive.sana.sy\/tr\/index.php?rest_route=%2Fwp%2Fv2%2Fmedia&parent=186500"}],"wp:term":[{"taxonomy":"category","embeddable":true,"href":"https:\/\/archive.sana.sy\/tr\/index.php?rest_route=%2Fwp%2Fv2%2Fcategories&post=186500"},{"taxonomy":"post_tag","embeddable":true,"href":"https:\/\/archive.sana.sy\/tr\/index.php?rest_route=%2Fwp%2Fv2%2Ftags&post=186500"}],"curies":[{"name":"wp","href":"https:\/\/api.w.org\/{rel}","templated":true}]}}