{"id":186510,"date":"2019-07-19T12:50:07","date_gmt":"2019-07-19T09:50:07","guid":{"rendered":"http:\/\/www.sana.sy\/tr\/?p=186510"},"modified":"2019-07-20T13:25:46","modified_gmt":"2019-07-20T10:25:46","slug":"samdaki-rus-kultur-merkezi-yeniden-aciliyor","status":"publish","type":"post","link":"https:\/\/archive.sana.sy\/tr\/?p=186510","title":{"rendered":"\u015eam\u2019daki Rus K\u00fclt\u00fcr Merkezi Yeniden A\u00e7\u0131l\u0131yor"},"content":{"rendered":"<p>\u015eAM \u2013 Rusya\u2019n\u0131n \u015eam B\u00fcy\u00fckel\u00e7isi Alexander Efimov, \u015eam\u2019daki Rus K\u00fclt\u00fcr Merkezinin yeniden a\u00e7\u0131lmas\u0131n\u0131n bu y\u0131l\u0131n bitiminden \u00f6nce m\u00fcmk\u00fcn oldu\u011funu belirtti.<\/p>\n<p><a href=\"http:\/\/www.sana.sy\/tr\/wp-content\/uploads\/2019\/07\/5103162-2.jpg\"><img loading=\"lazy\" decoding=\"async\" class=\"alignright size-medium wp-image-186513\" src=\"http:\/\/www.sana.sy\/tr\/wp-content\/uploads\/2019\/07\/5103162-2-300x191.jpg\" alt=\"\" width=\"300\" height=\"191\" srcset=\"https:\/\/archive.sana.sy\/tr\/wp-content\/uploads\/2019\/07\/5103162-2-300x191.jpg 300w, https:\/\/archive.sana.sy\/tr\/wp-content\/uploads\/2019\/07\/5103162-2-150x95.jpg 150w, https:\/\/archive.sana.sy\/tr\/wp-content\/uploads\/2019\/07\/5103162-2.jpg 660w\" sizes=\"auto, (max-width: 300px) 100vw, 300px\" \/><\/a>Efimov TASS Rus haber ajans\u0131na yapt\u0131\u011f\u0131 a\u00e7\u0131klamada; \u015eam\u2019daki Rus K\u00fclt\u00fcr Merkezini yeniden a\u00e7\u0131lmas\u0131 i\u00e7in \u00e7al\u0131\u015fmalar\u0131n\u0131n s\u00fcrd\u00fcr\u00fcld\u00fc\u011f\u00fcn\u00fc belirtirken, Suriye krizinden dolay\u0131 kapat\u0131lmadan \u00f6nce Rus K\u00fclt\u00fcr Merkezin Ba\u015fkent \u015eam\u2019\u0131n k\u00fclt\u00fcrel hayat\u0131nda oynad\u0131\u011f\u0131 \u00f6nemli r\u00f6le dikkat \u00e7ekti.<\/p>\n<p>Efimov a\u00e7\u0131klamada ayr\u0131ca; \u201cArt\u0131k merkezi yeniden a\u00e7mam\u0131z gerekti\u011fine dair bir anlay\u0131\u015f var, ancak baz\u0131 teknik ve \u00f6rg\u00fctsel sorunlar\u0131 \u00e7\u00f6zmemiz gerekiyor\u201d ifadelerini kullan\u0131rken, bu konuda \u015fahsen iyimser oldu\u011funu ve Rus K\u00fclt\u00fcr Merkezinin bu y\u0131l\u0131n bitiminden \u00f6nce ilk ziyaret\u00e7ilerini kabul edebilece\u011fine umut verdi.<\/p>\n<p>\u00c7eviri: P.M.<\/p>\n","protected":false},"excerpt":{"rendered":"<p>\u015eAM \u2013 Rusya\u2019n\u0131n \u015eam B\u00fcy\u00fckel\u00e7isi Alexander Efimov, \u015eam\u2019daki Rus K\u00fclt\u00fcr Merkezinin yeniden a\u00e7\u0131lmas\u0131n\u0131n bu y\u0131l\u0131n bitiminden \u00f6nce m\u00fcmk\u00fcn oldu\u011funu belirtti. Efimov TASS Rus haber ajans\u0131na yapt\u0131\u011f\u0131 a\u00e7\u0131klamada; \u015eam\u2019daki Rus K\u00fclt\u00fcr Merkezini yeniden a\u00e7\u0131lmas\u0131 i\u00e7in \u00e7al\u0131\u015fmalar\u0131n\u0131n s\u00fcrd\u00fcr\u00fcld\u00fc\u011f\u00fcn\u00fc belirtirken, Suriye krizinden dolay\u0131 kapat\u0131lmadan \u00f6nce Rus K\u00fclt\u00fcr Merkezin Ba\u015fkent \u015eam\u2019\u0131n k\u00fclt\u00fcrel hayat\u0131nda oynad\u0131\u011f\u0131 \u00f6nemli r\u00f6le dikkat \u00e7ekti. Efimov &hellip;<\/p>\n","protected":false},"author":1,"featured_media":186512,"comment_status":"closed","ping_status":"closed","sticky":false,"template":"","format":"standard","meta":{"footnotes":""},"categories":[479,17988,478],"tags":[],"class_list":["post-186510","post","type-post","status-publish","format-standard","has-post-thumbnail","","category-haberler-yerel","category-son-haberler","category-yerel"],"_links":{"self":[{"href":"https:\/\/archive.sana.sy\/tr\/index.php?rest_route=\/wp\/v2\/posts\/186510","targetHints":{"allow":["GET"]}}],"collection":[{"href":"https:\/\/archive.sana.sy\/tr\/index.php?rest_route=\/wp\/v2\/posts"}],"about":[{"href":"https:\/\/archive.sana.sy\/tr\/index.php?rest_route=\/wp\/v2\/types\/post"}],"author":[{"embeddable":true,"href":"https:\/\/archive.sana.sy\/tr\/index.php?rest_route=\/wp\/v2\/users\/1"}],"replies":[{"embeddable":true,"href":"https:\/\/archive.sana.sy\/tr\/index.php?rest_route=%2Fwp%2Fv2%2Fcomments&post=186510"}],"version-history":[{"count":0,"href":"https:\/\/archive.sana.sy\/tr\/index.php?rest_route=\/wp\/v2\/posts\/186510\/revisions"}],"wp:featuredmedia":[{"embeddable":true,"href":"https:\/\/archive.sana.sy\/tr\/index.php?rest_route=\/wp\/v2\/media\/186512"}],"wp:attachment":[{"href":"https:\/\/archive.sana.sy\/tr\/index.php?rest_route=%2Fwp%2Fv2%2Fmedia&parent=186510"}],"wp:term":[{"taxonomy":"category","embeddable":true,"href":"https:\/\/archive.sana.sy\/tr\/index.php?rest_route=%2Fwp%2Fv2%2Fcategories&post=186510"},{"taxonomy":"post_tag","embeddable":true,"href":"https:\/\/archive.sana.sy\/tr\/index.php?rest_route=%2Fwp%2Fv2%2Ftags&post=186510"}],"curies":[{"name":"wp","href":"https:\/\/api.w.org\/{rel}","templated":true}]}}