{"id":186537,"date":"2019-07-19T20:47:29","date_gmt":"2019-07-19T17:47:29","guid":{"rendered":"http:\/\/sana.sy\/tr\/?p=186537"},"modified":"2019-07-20T16:14:32","modified_gmt":"2019-07-20T13:14:32","slug":"bazi-hukumetlerin-tek-tarafli-zorlayici-tedbir-politikalari-surdurulebilir-kalkinma-gundeminin-uygalanmasini-engelliyor","status":"publish","type":"post","link":"https:\/\/archive.sana.sy\/tr\/?p=186537","title":{"rendered":"Baz\u0131 H\u00fckumetlerin Tek Tarafl\u0131 Zorlay\u0131c\u0131 Tedbir Politikalar\u0131 S\u00fcrd\u00fcr\u00fclebilir Kalk\u0131nma G\u00fcndeminin Uygalanmas\u0131n\u0131 Engelliyor"},"content":{"rendered":"<p style=\"text-align: justify;\">NEW YORK \u2013 Suriye&#8217;nin Birle\u015fmi\u015f Milletler Daimi Temsilcisi Be\u015f\u015far Caferi, Baz\u0131 h\u00fck\u00fcmetlerin Suriye&#8217;ye tek tarafl\u0131 zorlay\u0131c\u0131 tedbirler getirmek, yeniden imar s\u00fcrecini engellemek, ter\u00f6r\u00fcn desteklenmesi ve finanse edilmesi ile \u0130srail&#8217;in i\u015fgal edilen Suriyeli Golan&#8217;\u0131n\u0131 i\u015fgalini g\u00f6rmezden gelip koruma politikalar\u0131n\u0131n 2030 s\u00fcrd\u00fcr\u00fclebilir kalk\u0131nma g\u00fcndeminin uygulanmas\u0131n\u0131 engelledi\u011fini belirtti.<\/p>\n<p style=\"text-align: justify;\">S\u00fcrd\u00fcr\u00fclebilir kalk\u0131nma konusundaki \u00fcst d\u00fczey siyasi forum ile Ekonomik ve Sosyal Konsey\u2019in \u00fcst d\u00fczey toplant\u0131s\u0131 \u00f6n\u00fcnde a\u00e7\u0131klad\u0131\u011f\u0131 beyanda Caferi, Suriye\u2019nin 2030 s\u00fcrd\u00fcr\u00fclebilir kalk\u0131nma g\u00fcndemine ili\u015fkin ilkeli tutumunun, Birle\u015fmi\u015f Milletler Genel Sekreteri\u2019nin birden fazla vesile ile yap\u0131lan de\u011ferlendirmesinin, New York veya Cenevre de\u011fil, ancak hizmet etti\u011fimiz insanlar\u0131n hayatlar\u0131ndaki somut sonu\u00e7lar arac\u0131l\u0131\u011f\u0131yla \u00f6l\u00e7\u00fclebilece\u011fini vurgulayarak tutarl\u0131 oldu\u011funu s\u00f6yledi.<\/p>\n<p style=\"text-align: justify;\"><a href=\"http:\/\/sana.sy\/tr\/wp-content\/uploads\/2019\/07\/2-5.jpg\"><img loading=\"lazy\" decoding=\"async\" class=\"alignright size-medium wp-image-186539\" src=\"http:\/\/sana.sy\/tr\/wp-content\/uploads\/2019\/07\/2-5-300x168.jpg\" alt=\"\" width=\"300\" height=\"168\" srcset=\"https:\/\/archive.sana.sy\/tr\/wp-content\/uploads\/2019\/07\/2-5-300x168.jpg 300w, https:\/\/archive.sana.sy\/tr\/wp-content\/uploads\/2019\/07\/2-5-150x84.jpg 150w, https:\/\/archive.sana.sy\/tr\/wp-content\/uploads\/2019\/07\/2-5.jpg 660w\" sizes=\"auto, (max-width: 300px) 100vw, 300px\" \/><\/a>Caferi, Suriye&#8217;nin &#8220;insanlar\u0131 g\u00fc\u00e7lendirmek, kapsay\u0131c\u0131l\u0131k ve e\u015fitli\u011fi sa\u011flama&#8221;n\u0131n, kalk\u0131nma zorluklar\u0131m\u0131za s\u00fcrd\u00fcr\u00fclebilir \u00e7\u00f6z\u00fcmlerle ula\u015fmak i\u00e7in, h\u00fck\u00fcmetler aras\u0131nda ger\u00e7ek g\u00fcven olu\u015fturma, egemenli\u011fe ve ulusal mahremiyete kar\u015f\u0131l\u0131kl\u0131 sayg\u0131 duymaya dayanan uluslararas\u0131 ve milletleraras\u0131 bir yakla\u015f\u0131mla adil f\u0131rsatlar yaratmaya odaklanman\u0131n gerekli oldu\u011funa inanmaya devam etti\u011fini a\u00e7\u0131klad\u0131.<\/p>\n<p style=\"text-align: justify;\">Caferi, Suriye h\u00fck\u00fcmetinin s\u00fcrd\u00fcr\u00fclebilir kalk\u0131nma konusundaki ilk ulusal raporu aktif olarak yapmaya \u00e7al\u0131\u015ft\u0131\u011f\u0131n\u0131 belirterek, Nisan 2019&#8217;da tamamland\u0131\u011f\u0131n\u0131 ve yay\u0131nland\u0131\u011f\u0131n\u0131, Suriye&#8217;nin bu y\u0131lki g\u00f6n\u00fcll\u00fc de\u011ferlendirmelerini sunan \u00fclkelerden biri olmas\u0131n\u0131 beklediklerini dile getirdi.<\/p>\n<p style=\"text-align: justify;\">Bu ulusal raporun gelecek y\u0131lki g\u00f6zden ge\u00e7irmeden \u00f6nce kalk\u0131nma ve modernizasyon i\u00e7in \u00f6nemli bir f\u0131rsat alaca\u011f\u0131n\u0131 belirten Caferi, 2030 g\u00fcndeminin uygulanmas\u0131nda sonraki ulusal planlar\u0131n ve raporlar\u0131n haz\u0131rlanmas\u0131nda temel ad\u0131m te\u015fkil edece\u011fini s\u00f6yledi.<\/p>\n<p style=\"text-align: justify;\">Caferi: &#8220;\u0130lke olarak bu plan\u0131n ama\u00e7lar\u0131n\u0131n uygulanmas\u0131n\u0131n ulusal bir sorumluluk oldu\u011fu ilkesine kat\u0131l\u0131yoruz, ancak uygulanmas\u0131n\u0131 engelleyen meydan okumalar\u0131n \u00e7o\u011fu BM ve uluslararas\u0131 ortaklar\u0131n sorumlulu\u011fundad\u0131r&#8221; dedi.<\/p>\n<p style=\"text-align: justify;\">Caferi, BM sisteminin \u00f6zel dikkatini haketti\u011fi istisnai durumlarda ya\u015fayan Suriye&#8217;nin, ekonomik yapt\u0131r\u0131mlar ve dayatmalar seviyesine ili\u015fkin zorlay\u0131c\u0131 tek tarafl\u0131 \u00f6nlemlere dayanan baz\u0131 h\u00fck\u00fcmetlerin politikalar\u0131ndan kaynaklanan \u00fc\u00e7 boyutlu kalk\u0131nman\u0131n temel engellerini nas\u0131l a\u015fabilece\u011fini merak etti\u011fini belirterek, bu politikalar\u0131n Suriye&#8217;de yeniden yap\u0131lanma ve yeniden imar s\u00fcrecini engellemek, ter\u00f6rizmi desteklemek ve finanse etmek, Suriye&#8217;ye kar\u015f\u0131 siyasi ve askeri bir silah olarak kullanmak, \u0130srail&#8217;in i\u015fgal alt\u0131ndaki Suriyeli Golan&#8217;\u0131 i\u015fgal etmesini g\u00f6rmezden gelmek ve korumak seviyesine vard\u0131\u011f\u0131na dikkat \u00e7ekti.<\/p>\n<p style=\"text-align: justify;\">Caferi: &#8220;Bug\u00fcn, 2030 G\u00fcndemi&#8217;nin kabul edilmesinden d\u00f6rt y\u0131l sonra, baz\u0131 uluslararas\u0131 akt\u00f6rlerin ilkeleri a\u015fmak veya yok saymak i\u00e7in se\u00e7icili\u011fe kar\u015f\u0131 su\u00e7lu oldu\u011funa ve g\u00fcndemdeki temel hedefler, kabul edildi\u011fi zaman elde edilen uzla\u015f\u0131y\u0131 baltalamakla tehdit edildi\u011fine tan\u0131k oluyoruz. Bu d\u0131\u015flay\u0131c\u0131 yakla\u015f\u0131m devam ederse, her y\u0131l, k\u00fcresel \u00e7apta tehlikeli \u00e7at\u0131\u015fmalar ve askeri harcama g\u00f6stergelerinin artmas\u0131 kar\u015f\u0131l\u0131\u011f\u0131nda k\u00fcresel kalk\u0131nma hedeflerine ula\u015fma h\u0131z\u0131ndaki endi\u015femizi dile getirmeye devam edece\u011fiz&#8221; dedi.<\/p>\n<p>\u00c7eviri: S.\u015eahut<\/p>\n","protected":false},"excerpt":{"rendered":"<p>NEW YORK \u2013 Suriye&#8217;nin Birle\u015fmi\u015f Milletler Daimi Temsilcisi Be\u015f\u015far Caferi, Baz\u0131 h\u00fck\u00fcmetlerin Suriye&#8217;ye tek tarafl\u0131 zorlay\u0131c\u0131 tedbirler getirmek, yeniden imar s\u00fcrecini engellemek, ter\u00f6r\u00fcn desteklenmesi ve finanse edilmesi ile \u0130srail&#8217;in i\u015fgal edilen Suriyeli Golan&#8217;\u0131n\u0131 i\u015fgalini g\u00f6rmezden gelip koruma politikalar\u0131n\u0131n 2030 s\u00fcrd\u00fcr\u00fclebilir kalk\u0131nma g\u00fcndeminin uygulanmas\u0131n\u0131 engelledi\u011fini belirtti. S\u00fcrd\u00fcr\u00fclebilir kalk\u0131nma konusundaki \u00fcst d\u00fczey siyasi forum ile Ekonomik ve &hellip;<\/p>\n","protected":false},"author":1,"featured_media":186538,"comment_status":"closed","ping_status":"closed","sticky":false,"template":"","format":"standard","meta":{"footnotes":""},"categories":[458,459,17988],"tags":[],"class_list":["post-186537","post","type-post","status-publish","format-standard","has-post-thumbnail","","category-dunya1","category-haberler-arap-uluslararasi-politika","category-son-haberler"],"_links":{"self":[{"href":"https:\/\/archive.sana.sy\/tr\/index.php?rest_route=\/wp\/v2\/posts\/186537","targetHints":{"allow":["GET"]}}],"collection":[{"href":"https:\/\/archive.sana.sy\/tr\/index.php?rest_route=\/wp\/v2\/posts"}],"about":[{"href":"https:\/\/archive.sana.sy\/tr\/index.php?rest_route=\/wp\/v2\/types\/post"}],"author":[{"embeddable":true,"href":"https:\/\/archive.sana.sy\/tr\/index.php?rest_route=\/wp\/v2\/users\/1"}],"replies":[{"embeddable":true,"href":"https:\/\/archive.sana.sy\/tr\/index.php?rest_route=%2Fwp%2Fv2%2Fcomments&post=186537"}],"version-history":[{"count":0,"href":"https:\/\/archive.sana.sy\/tr\/index.php?rest_route=\/wp\/v2\/posts\/186537\/revisions"}],"wp:featuredmedia":[{"embeddable":true,"href":"https:\/\/archive.sana.sy\/tr\/index.php?rest_route=\/wp\/v2\/media\/186538"}],"wp:attachment":[{"href":"https:\/\/archive.sana.sy\/tr\/index.php?rest_route=%2Fwp%2Fv2%2Fmedia&parent=186537"}],"wp:term":[{"taxonomy":"category","embeddable":true,"href":"https:\/\/archive.sana.sy\/tr\/index.php?rest_route=%2Fwp%2Fv2%2Fcategories&post=186537"},{"taxonomy":"post_tag","embeddable":true,"href":"https:\/\/archive.sana.sy\/tr\/index.php?rest_route=%2Fwp%2Fv2%2Ftags&post=186537"}],"curies":[{"name":"wp","href":"https:\/\/api.w.org\/{rel}","templated":true}]}}