{"id":186544,"date":"2019-07-19T20:52:31","date_gmt":"2019-07-19T17:52:31","guid":{"rendered":"http:\/\/sana.sy\/tr\/?p=186544"},"modified":"2019-07-20T13:27:51","modified_gmt":"2019-07-20T10:27:51","slug":"yevimov-suriye-teror-orgutleriyle-mucadelesiyle-tum-bolgenin-gelecegini-savunuyor","status":"publish","type":"post","link":"https:\/\/archive.sana.sy\/tr\/?p=186544","title":{"rendered":"Efimov: Suriye, Ter\u00f6r \u00d6rg\u00fctleriyle M\u00fccadelesiyle T\u00fcm B\u00f6lgenin Gelece\u011fini Savunuyor"},"content":{"rendered":"<p style=\"text-align: justify;\">\u015eAM &#8211; Rusya Federasyonu \u015eam B\u00fcy\u00fckel\u00e7isi Aleksander Efimov, Suriye&#8217;nin ter\u00f6r \u00f6rg\u00fctlerine kar\u015f\u0131 sadece varl\u0131\u011f\u0131n\u0131 ve egemenli\u011fini savunmakla kalmay\u0131p, ayn\u0131 zamanda b\u00f6lgenin bir b\u00fct\u00fcn olarak gelece\u011fini de savundu\u011funu belirtti.<\/p>\n<p style=\"text-align: justify;\">21 Temmuz&#8217;da Rusya ile Suriye aras\u0131nda diplomatik ili\u015fkinin kurulmas\u0131n\u0131n 75. y\u0131ld\u00f6n\u00fcm\u00fc arifesinde Rus \u0130nterfax haber ajans\u0131na verdi\u011fi r\u00f6portajda Yevimov, Suriye&#8217;nin, \u00f6zellikle I\u015e\u0130D ve Nusra Cephesi ter\u00f6r \u00f6rg\u00fctleri ba\u015fta olmak \u00fczere ter\u00f6r \u00f6rg\u00fctleriyle sava\u015f\u0131p m\u00fccadele etmekle, yaln\u0131zca varl\u0131\u011f\u0131 ve egemenli\u011fini de\u011fil bilakis, bu sava\u015fta, Rusya dahil t\u00fcm kom\u015fu \u00fclkelerin ve b\u00f6lgenin tehlike i\u00e7erisinde oldu\u011funu belirtti\u011fine i\u015faret etti.<\/p>\n<p style=\"text-align: justify;\">Efimov; \u0130dlib\u2019deki t\u0131rmand\u0131rmalar\u0131 azaltma alan\u0131n\u0131, ter\u00f6ristleri korumak i\u00e7in kullanman\u0131n kabul edilemez oldu\u011funu vurgulayarak bunun \u00e7ifte satandartl\u0131l\u0131ktan ba\u015fka bir ad verilemeyece\u011fini, bu konunun Moskova\u2019n\u0131n Suriye\u2019deki Bat\u0131l\u0131 ve b\u00f6lgesel ortaklarla diyalo\u011fun ana unsurlar\u0131ndan biri oldu\u011funa dikkat \u00e7ekti ve bu \u00e7er\u00e7evede belirlenen anla\u015fmalar\u0131n uygulanmas\u0131na \u00e7a\u011fr\u0131 yapt\u0131.<\/p>\n<p style=\"text-align: justify;\">Efimov; &#8220;Suriye, Orta Do\u011fu&#8217;da ve uluslararas\u0131 ter\u00f6rle m\u00fccadelede ana m\u00fcttefiklerden biri olan \u00f6nemli bir orta\u011f\u0131m\u0131zd\u0131r&#8221; diyerek, kendi geleceklerine karar verecek tek taraf\u0131n Suriye halk\u0131 oldu\u011funu vurgulad\u0131.<\/p>\n<p style=\"text-align: justify;\">Rus kuvvetlerinin Suriye Arap ordusunun ter\u00f6rle m\u00fccadeledeki \u00e7abalar\u0131na verdi\u011fi deste\u011fe dikkat \u00e7eken Yevimov, Rus kat\u0131l\u0131m\u0131n\u0131n &#8220;d\u00fcnyan\u0131n ana b\u00f6lgelerinden birinde g\u00fc\u00e7l\u00fc bir ter\u00f6r merkezinin ortaya \u00e7\u0131kmas\u0131n\u0131 engelledi\u011fini&#8221; belirtti.<\/p>\n<p>\u00c7eviri: S.\u015eahut<\/p>\n","protected":false},"excerpt":{"rendered":"<p>\u015eAM &#8211; Rusya Federasyonu \u015eam B\u00fcy\u00fckel\u00e7isi Aleksander Efimov, Suriye&#8217;nin ter\u00f6r \u00f6rg\u00fctlerine kar\u015f\u0131 sadece varl\u0131\u011f\u0131n\u0131 ve egemenli\u011fini savunmakla kalmay\u0131p, ayn\u0131 zamanda b\u00f6lgenin bir b\u00fct\u00fcn olarak gelece\u011fini de savundu\u011funu belirtti. 21 Temmuz&#8217;da Rusya ile Suriye aras\u0131nda diplomatik ili\u015fkinin kurulmas\u0131n\u0131n 75. y\u0131ld\u00f6n\u00fcm\u00fc arifesinde Rus \u0130nterfax haber ajans\u0131na verdi\u011fi r\u00f6portajda Yevimov, Suriye&#8217;nin, \u00f6zellikle I\u015e\u0130D ve Nusra Cephesi ter\u00f6r \u00f6rg\u00fctleri &hellip;<\/p>\n","protected":false},"author":1,"featured_media":186545,"comment_status":"closed","ping_status":"closed","sticky":false,"template":"","format":"standard","meta":{"footnotes":""},"categories":[479,17988,478],"tags":[],"class_list":["post-186544","post","type-post","status-publish","format-standard","has-post-thumbnail","","category-haberler-yerel","category-son-haberler","category-yerel"],"_links":{"self":[{"href":"https:\/\/archive.sana.sy\/tr\/index.php?rest_route=\/wp\/v2\/posts\/186544","targetHints":{"allow":["GET"]}}],"collection":[{"href":"https:\/\/archive.sana.sy\/tr\/index.php?rest_route=\/wp\/v2\/posts"}],"about":[{"href":"https:\/\/archive.sana.sy\/tr\/index.php?rest_route=\/wp\/v2\/types\/post"}],"author":[{"embeddable":true,"href":"https:\/\/archive.sana.sy\/tr\/index.php?rest_route=\/wp\/v2\/users\/1"}],"replies":[{"embeddable":true,"href":"https:\/\/archive.sana.sy\/tr\/index.php?rest_route=%2Fwp%2Fv2%2Fcomments&post=186544"}],"version-history":[{"count":0,"href":"https:\/\/archive.sana.sy\/tr\/index.php?rest_route=\/wp\/v2\/posts\/186544\/revisions"}],"wp:featuredmedia":[{"embeddable":true,"href":"https:\/\/archive.sana.sy\/tr\/index.php?rest_route=\/wp\/v2\/media\/186545"}],"wp:attachment":[{"href":"https:\/\/archive.sana.sy\/tr\/index.php?rest_route=%2Fwp%2Fv2%2Fmedia&parent=186544"}],"wp:term":[{"taxonomy":"category","embeddable":true,"href":"https:\/\/archive.sana.sy\/tr\/index.php?rest_route=%2Fwp%2Fv2%2Fcategories&post=186544"},{"taxonomy":"post_tag","embeddable":true,"href":"https:\/\/archive.sana.sy\/tr\/index.php?rest_route=%2Fwp%2Fv2%2Ftags&post=186544"}],"curies":[{"name":"wp","href":"https:\/\/api.w.org\/{rel}","templated":true}]}}