{"id":186577,"date":"2019-07-20T21:35:05","date_gmt":"2019-07-20T18:35:05","guid":{"rendered":"http:\/\/www.sana.sy\/tr\/?p=186577"},"modified":"2019-07-21T14:13:32","modified_gmt":"2019-07-21T11:13:32","slug":"suriye-temmuzun-sonuna-kadar-sicak-hava-dalgasina-maruz-kaliyor","status":"publish","type":"post","link":"https:\/\/archive.sana.sy\/tr\/?p=186577","title":{"rendered":"Suriye, Temmuz&#8217;un Sonuna Kadar S\u0131cak Hava Dalgas\u0131na Maruz Kal\u0131yor"},"content":{"rendered":"<p style=\"text-align: justify\">\u015eAM &#8211; Suriye, gelecek Pazartesi g\u00fcn\u00fcnden ba\u015flayarak Temmuz ay\u0131 sonuna kadar s\u00fcrecek olan s\u0131cak hava dalgas\u0131na maruz kalaca\u011f\u0131n\u0131 belirten hava tahmincisi Cafer Yusuf, zirvenin Sal\u0131 ve \u00c7ar\u015famba g\u00fcn\u00fc olaca\u011f\u0131n\u0131 \u015eam&#8217;da s\u0131cakl\u0131\u011f\u0131n\u0131n 41 santigrat dereceye kadar varaca\u011f\u0131n\u0131 s\u00f6yledi.<\/p>\n<p style=\"text-align: justify\">SANA &#8216;ya verdi\u011fi deme\u00e7te Yusuf, Suriye&#8217; nin \u00f6n\u00fcm\u00fczdeki g\u00fcnlerde g\u00fcney do\u011fudan gelen &#8220;Mevsimsel Hint&#8221; al\u00e7ak bir hava dalgas\u0131ndan etkilenece\u011fini, bunun 4 &#8211; 7 santigrat derecelik bir s\u0131cakl\u0131k art\u0131\u015f\u0131na yol a\u00e7aca\u011f\u0131n\u0131, y\u00fcksek tropikal hava uzant\u0131s\u0131n\u0131n e\u015flik etti\u011fi s\u0131cak y\u00fczey ak\u0131mlar\u0131n\u0131 etkileyece\u011fini s\u00f6yledi.<\/p>\n<p style=\"text-align: justify\">Yusuf, havan\u0131n do\u011fu b\u00f6lgesinde, el Cezire ve Badiye&#8217;de s\u0131cakl\u0131\u011f\u0131n\u0131 45 dereceye varaca\u011f\u0131n\u0131, havan\u0131n s\u0131cak ve tozlu olaca\u011f\u0131n\u0131 belirterek, s\u0131cakl\u0131\u011f\u0131n Per\u015fembe g\u00fcn\u00fcnden itibaren yakla\u015f\u0131k iki derece d\u00fc\u015fece\u011fini ve nispeten s\u0131cak bir yaz havas\u0131 olaca\u011f\u0131n\u0131 belirtti.<\/p>\n<p style=\"text-align: justify\">Yusuf, g\u00fcne\u015f \u0131\u015f\u0131nlar\u0131na, \u00f6zellikle saat 11: 00-17: 00 aras\u0131nda, do\u011frudan maruz kalmaya kar\u015f\u0131 uyararak, k\u0131y\u0131 b\u00f6lgelerindeki y\u00fcksek nemin g\u00fcn boyunca a\u015f\u0131r\u0131 s\u0131cakl\u0131k hissine yol a\u00e7aca\u011f\u0131na dikkat \u00e7ekti.<\/p>\n<p>\u00c7eviri: S.\u015eahhut.<\/p>\n","protected":false},"excerpt":{"rendered":"<p>\u015eAM &#8211; Suriye, gelecek Pazartesi g\u00fcn\u00fcnden ba\u015flayarak Temmuz ay\u0131 sonuna kadar s\u00fcrecek olan s\u0131cak hava dalgas\u0131na maruz kalaca\u011f\u0131n\u0131 belirten hava tahmincisi Cafer Yusuf, zirvenin Sal\u0131 ve \u00c7ar\u015famba g\u00fcn\u00fc olaca\u011f\u0131n\u0131 \u015eam&#8217;da s\u0131cakl\u0131\u011f\u0131n\u0131n 41 santigrat dereceye kadar varaca\u011f\u0131n\u0131 s\u00f6yledi. SANA &#8216;ya verdi\u011fi deme\u00e7te Yusuf, Suriye&#8217; nin \u00f6n\u00fcm\u00fczdeki g\u00fcnlerde g\u00fcney do\u011fudan gelen &#8220;Mevsimsel Hint&#8221; al\u00e7ak bir hava dalgas\u0131ndan &hellip;<\/p>\n","protected":false},"author":1,"featured_media":186578,"comment_status":"closed","ping_status":"closed","sticky":false,"template":"","format":"standard","meta":{"footnotes":""},"categories":[479,17988,478],"tags":[],"class_list":["post-186577","post","type-post","status-publish","format-standard","has-post-thumbnail","","category-haberler-yerel","category-son-haberler","category-yerel"],"_links":{"self":[{"href":"https:\/\/archive.sana.sy\/tr\/index.php?rest_route=\/wp\/v2\/posts\/186577","targetHints":{"allow":["GET"]}}],"collection":[{"href":"https:\/\/archive.sana.sy\/tr\/index.php?rest_route=\/wp\/v2\/posts"}],"about":[{"href":"https:\/\/archive.sana.sy\/tr\/index.php?rest_route=\/wp\/v2\/types\/post"}],"author":[{"embeddable":true,"href":"https:\/\/archive.sana.sy\/tr\/index.php?rest_route=\/wp\/v2\/users\/1"}],"replies":[{"embeddable":true,"href":"https:\/\/archive.sana.sy\/tr\/index.php?rest_route=%2Fwp%2Fv2%2Fcomments&post=186577"}],"version-history":[{"count":0,"href":"https:\/\/archive.sana.sy\/tr\/index.php?rest_route=\/wp\/v2\/posts\/186577\/revisions"}],"wp:featuredmedia":[{"embeddable":true,"href":"https:\/\/archive.sana.sy\/tr\/index.php?rest_route=\/wp\/v2\/media\/186578"}],"wp:attachment":[{"href":"https:\/\/archive.sana.sy\/tr\/index.php?rest_route=%2Fwp%2Fv2%2Fmedia&parent=186577"}],"wp:term":[{"taxonomy":"category","embeddable":true,"href":"https:\/\/archive.sana.sy\/tr\/index.php?rest_route=%2Fwp%2Fv2%2Fcategories&post=186577"},{"taxonomy":"post_tag","embeddable":true,"href":"https:\/\/archive.sana.sy\/tr\/index.php?rest_route=%2Fwp%2Fv2%2Ftags&post=186577"}],"curies":[{"name":"wp","href":"https:\/\/api.w.org\/{rel}","templated":true}]}}