{"id":186580,"date":"2019-07-20T21:58:08","date_gmt":"2019-07-20T18:58:08","guid":{"rendered":"http:\/\/www.sana.sy\/tr\/?p=186580"},"modified":"2019-07-21T14:13:08","modified_gmt":"2019-07-21T11:13:08","slug":"suriye-a-milli-futbol-takimi-bati-asya-futbol-sampiyonasi-birinci-grubunda","status":"publish","type":"post","link":"https:\/\/archive.sana.sy\/tr\/?p=186580","title":{"rendered":"Suriye A Milli Futbol Tak\u0131m\u0131, Bat\u0131 Asya Futbol \u015eampiyonas\u0131 Birinci Grubunda"},"content":{"rendered":"<p style=\"text-align: justify\">BA\u011eDAT &#8211; Ba\u011fdat&#8217;taki Irak Futbol Federasyonu merkezinde d\u00fczenlenen Bat\u0131 Asya Futbol \u015eampiyonas\u0131 kura \u00e7ekiminde A Milli futbol tak\u0131m\u0131m\u0131z\u00a0 1. Grupta Irak, Yemen, Filistin ve L\u00fcbnan tak\u0131mlar\u0131 yan\u0131nda yer ald\u0131.<\/p>\n<p style=\"text-align: justify\">Bu grubun ma\u00e7lar\u0131, bu ay\u0131n 30&#8217;unda Irak&#8217;\u0131n Karbala \u015fehrinde ba\u015flayacak, millilerimiz ilk ma\u00e7\u0131n\u0131 2 A\u011fustos&#8217;ta L\u00fcbnan, ikinci ma\u00e7\u0131n\u0131 5 A\u011fustos&#8217;ta Yemen&#8217;le, \u00fc\u00e7\u00fcnc\u00fc ma\u00e7\u0131n\u0131,\u00a0 8 A\u011fustos&#8217;ta Irak&#8217;la, grubun son ma\u00e7\u0131n\u0131 da 11 A\u011fustos&#8217;ta Filistin ile oynayacak<\/p>\n<p style=\"text-align: justify\">\u0130kinci grup ise \u00dcrd\u00fcn, Suudi Arabistan, K\u00fcveyt ve Bahreyn Tak\u0131mlar\u0131 aras\u0131nda Erbil kentinde oynanacak.<\/p>\n<p style=\"text-align: justify\">\u015eampiyona sistemine g\u00f6re her iki grup birincileri 14 A\u011fustos&#8217;ta Uluslararas\u0131 Kerbela Stad\u0131nda d\u00fczenlenecek olan final ma\u00e7\u0131na \u00e7\u0131kacaklar.<\/p>\n<p>\u00c7eviri: S. \u015eahhut.<\/p>\n","protected":false},"excerpt":{"rendered":"<p>BA\u011eDAT &#8211; Ba\u011fdat&#8217;taki Irak Futbol Federasyonu merkezinde d\u00fczenlenen Bat\u0131 Asya Futbol \u015eampiyonas\u0131 kura \u00e7ekiminde A Milli futbol tak\u0131m\u0131m\u0131z\u00a0 1. Grupta Irak, Yemen, Filistin ve L\u00fcbnan tak\u0131mlar\u0131 yan\u0131nda yer ald\u0131. Bu grubun ma\u00e7lar\u0131, bu ay\u0131n 30&#8217;unda Irak&#8217;\u0131n Karbala \u015fehrinde ba\u015flayacak, millilerimiz ilk ma\u00e7\u0131n\u0131 2 A\u011fustos&#8217;ta L\u00fcbnan, ikinci ma\u00e7\u0131n\u0131 5 A\u011fustos&#8217;ta Yemen&#8217;le, \u00fc\u00e7\u00fcnc\u00fc ma\u00e7\u0131n\u0131,\u00a0 8 A\u011fustos&#8217;ta Irak&#8217;la, &hellip;<\/p>\n","protected":false},"author":1,"featured_media":186581,"comment_status":"closed","ping_status":"closed","sticky":false,"template":"","format":"standard","meta":{"footnotes":""},"categories":[498,17988,496],"tags":[],"class_list":["post-186580","post","type-post","status-publish","format-standard","has-post-thumbnail","","category-dunya-turnuvalari","category-son-haberler","category-spor"],"_links":{"self":[{"href":"https:\/\/archive.sana.sy\/tr\/index.php?rest_route=\/wp\/v2\/posts\/186580","targetHints":{"allow":["GET"]}}],"collection":[{"href":"https:\/\/archive.sana.sy\/tr\/index.php?rest_route=\/wp\/v2\/posts"}],"about":[{"href":"https:\/\/archive.sana.sy\/tr\/index.php?rest_route=\/wp\/v2\/types\/post"}],"author":[{"embeddable":true,"href":"https:\/\/archive.sana.sy\/tr\/index.php?rest_route=\/wp\/v2\/users\/1"}],"replies":[{"embeddable":true,"href":"https:\/\/archive.sana.sy\/tr\/index.php?rest_route=%2Fwp%2Fv2%2Fcomments&post=186580"}],"version-history":[{"count":0,"href":"https:\/\/archive.sana.sy\/tr\/index.php?rest_route=\/wp\/v2\/posts\/186580\/revisions"}],"wp:featuredmedia":[{"embeddable":true,"href":"https:\/\/archive.sana.sy\/tr\/index.php?rest_route=\/wp\/v2\/media\/186581"}],"wp:attachment":[{"href":"https:\/\/archive.sana.sy\/tr\/index.php?rest_route=%2Fwp%2Fv2%2Fmedia&parent=186580"}],"wp:term":[{"taxonomy":"category","embeddable":true,"href":"https:\/\/archive.sana.sy\/tr\/index.php?rest_route=%2Fwp%2Fv2%2Fcategories&post=186580"},{"taxonomy":"post_tag","embeddable":true,"href":"https:\/\/archive.sana.sy\/tr\/index.php?rest_route=%2Fwp%2Fv2%2Ftags&post=186580"}],"curies":[{"name":"wp","href":"https:\/\/api.w.org\/{rel}","templated":true}]}}