{"id":186611,"date":"2019-07-21T12:55:37","date_gmt":"2019-07-21T09:55:37","guid":{"rendered":"http:\/\/www.sana.sy\/tr\/?p=186611"},"modified":"2019-07-22T15:40:40","modified_gmt":"2019-07-22T12:40:40","slug":"toplantilar-suriyenin-katilimiyla-basladi-4","status":"publish","type":"post","link":"https:\/\/archive.sana.sy\/tr\/?p=186611","title":{"rendered":"Toplant\u0131lar Suriye&#8217;nin Kat\u0131l\u0131m\u0131yla Ba\u015flad\u0131"},"content":{"rendered":"<p>KARAKAS \u2013 Ba\u011flant\u0131s\u0131zlar Hareketi bakanlar toplant\u0131s\u0131 d\u00fcn Suriye&#8217;nin kat\u0131l\u0131m\u0131 ile Venez\u00fcella\u2019n\u0131n ba\u015fkenti Karakas\u2019ta \u00a0\u00a0ba\u015flad\u0131.<\/p>\n<p>Venez\u00fcella Ba\u015fkan\u0131 Nicolas Madura\u2019n\u0131n a\u00e7\u0131l\u0131\u015f toplant\u0131s\u0131na kat\u0131ld\u0131\u011f\u0131 \u00e7al\u0131\u015fmalar iki g\u00fcn s\u00fcreyle d\u00fcnyan\u0131n belli ba\u015fl\u0131 hegemonyac\u0131 devletlerin farkl\u0131 k\u0131talarda egemen ve ba\u011f\u0131ms\u0131z devletlere kar\u015f\u0131 d\u00fc\u015fmanc\u0131 m\u00fcdahalelerine kar\u015f\u0131 m\u00fccadelenin \u00f6nemi tart\u0131\u015f\u0131l\u0131yor.<\/p>\n<p>Suriye s\u00f6z konusu toplant\u0131lara Karakas\u2019taki Suriye b\u00fcy\u00fckel\u00e7isi Halil Biytar\u2019\u0131n ba\u015fkanl\u0131\u011f\u0131ndaki heyet ile kat\u0131l\u0131yor.<\/p>\n","protected":false},"excerpt":{"rendered":"<p>KARAKAS \u2013 Ba\u011flant\u0131s\u0131zlar Hareketi bakanlar toplant\u0131s\u0131 d\u00fcn Suriye&#8217;nin kat\u0131l\u0131m\u0131 ile Venez\u00fcella\u2019n\u0131n ba\u015fkenti Karakas\u2019ta \u00a0\u00a0ba\u015flad\u0131. Venez\u00fcella Ba\u015fkan\u0131 Nicolas Madura\u2019n\u0131n a\u00e7\u0131l\u0131\u015f toplant\u0131s\u0131na kat\u0131ld\u0131\u011f\u0131 \u00e7al\u0131\u015fmalar iki g\u00fcn s\u00fcreyle d\u00fcnyan\u0131n belli ba\u015fl\u0131 hegemonyac\u0131 devletlerin farkl\u0131 k\u0131talarda egemen ve ba\u011f\u0131ms\u0131z devletlere kar\u015f\u0131 d\u00fc\u015fmanc\u0131 m\u00fcdahalelerine kar\u015f\u0131 m\u00fccadelenin \u00f6nemi tart\u0131\u015f\u0131l\u0131yor. Suriye s\u00f6z konusu toplant\u0131lara Karakas\u2019taki Suriye b\u00fcy\u00fckel\u00e7isi Halil Biytar\u2019\u0131n ba\u015fkanl\u0131\u011f\u0131ndaki heyet ile &hellip;<\/p>\n","protected":false},"author":1,"featured_media":186612,"comment_status":"closed","ping_status":"closed","sticky":false,"template":"","format":"standard","meta":{"footnotes":""},"categories":[458,459,17988],"tags":[],"class_list":["post-186611","post","type-post","status-publish","format-standard","has-post-thumbnail","","category-dunya1","category-haberler-arap-uluslararasi-politika","category-son-haberler"],"_links":{"self":[{"href":"https:\/\/archive.sana.sy\/tr\/index.php?rest_route=\/wp\/v2\/posts\/186611","targetHints":{"allow":["GET"]}}],"collection":[{"href":"https:\/\/archive.sana.sy\/tr\/index.php?rest_route=\/wp\/v2\/posts"}],"about":[{"href":"https:\/\/archive.sana.sy\/tr\/index.php?rest_route=\/wp\/v2\/types\/post"}],"author":[{"embeddable":true,"href":"https:\/\/archive.sana.sy\/tr\/index.php?rest_route=\/wp\/v2\/users\/1"}],"replies":[{"embeddable":true,"href":"https:\/\/archive.sana.sy\/tr\/index.php?rest_route=%2Fwp%2Fv2%2Fcomments&post=186611"}],"version-history":[{"count":0,"href":"https:\/\/archive.sana.sy\/tr\/index.php?rest_route=\/wp\/v2\/posts\/186611\/revisions"}],"wp:featuredmedia":[{"embeddable":true,"href":"https:\/\/archive.sana.sy\/tr\/index.php?rest_route=\/wp\/v2\/media\/186612"}],"wp:attachment":[{"href":"https:\/\/archive.sana.sy\/tr\/index.php?rest_route=%2Fwp%2Fv2%2Fmedia&parent=186611"}],"wp:term":[{"taxonomy":"category","embeddable":true,"href":"https:\/\/archive.sana.sy\/tr\/index.php?rest_route=%2Fwp%2Fv2%2Fcategories&post=186611"},{"taxonomy":"post_tag","embeddable":true,"href":"https:\/\/archive.sana.sy\/tr\/index.php?rest_route=%2Fwp%2Fv2%2Ftags&post=186611"}],"curies":[{"name":"wp","href":"https:\/\/api.w.org\/{rel}","templated":true}]}}