{"id":186637,"date":"2019-07-21T22:19:53","date_gmt":"2019-07-21T19:19:53","guid":{"rendered":"http:\/\/www.sana.sy\/tr\/?p=186637"},"modified":"2019-07-22T15:39:54","modified_gmt":"2019-07-22T12:39:54","slug":"mecduddin-gazaldan-suriyeye-atletizm-elmas-turnuvasinda-londrada-altin-madalya","status":"publish","type":"post","link":"https:\/\/archive.sana.sy\/tr\/?p=186637","title":{"rendered":"Mecduddin Gazal&#8217;dan Suriye&#8217;ye Atletizm Elmas Turnuvas\u0131nda Londra&#8217;da Alt\u0131n Madalya (V\u0130DEO)"},"content":{"rendered":"<p style=\"text-align: justify;\">LONDRA \u2013 Suriye atletizm oyunlar\u0131 tak\u0131m\u0131nda yer alan milli oyuncumuz Mecduddin Gazal, Londra&#8217;da d\u00fczenlenen Elmas Turnusa\u0131nda y\u00fcksek atlama dal\u0131nda 2,30 m&#8217;yi ge\u00e7erek alt\u0131n madalyan\u0131n sahibi oldu.<\/p>\n<p style=\"text-align: justify;\">Gazal, ge\u00e7en ayda da Slovakya&#8217;da d\u00fczenlenen Uluslararas\u0131 Bratislava Turnuvas\u0131nda da ayn\u0131 rakamla alt\u0131n madalyan\u0131n sahibi olmu\u015ftu.<\/p>\n<p style=\"text-align: justify;\">Atletizm Birli\u011fi Ba\u015fkan\u0131 Fayyad Bekkur SANA&#8217;ya a\u00e7\u0131klamas\u0131nda, Londra turnuvas\u0131nda alt\u0131n madalyay\u0131 kazanarak genel olarak Suriye sporuna, \u00f6zel olarak da \u015fampiyon Gazal&#8217;\u0131n ve federasyonun ba\u015far\u0131lar\u0131na bir yenisinin eklendi\u011fini belirterek, bu ba\u015far\u0131n\u0131n oyuncumuza y\u00fcksek maneviyat verdi\u011fini \u00e7\u00fcnk\u00fc gelecek Eyl\u00fcl ay\u0131nda Katar&#8217;da d\u00fczenlenecek olan D\u00fcnya \u015fampiyonas\u0131 ve Ekim ay\u0131nda da \u00c7in&#8217;de d\u00fczenlenecek olan askeri olimpiyatlar\u0131na kat\u0131lmas\u0131 y\u00f6n\u00fcnden iyi bir motivasyon sa\u011flad\u0131\u011f\u0131n\u0131 ifade etti.<\/p>\n<p>\u00c7eviri: S.\u015eahut<\/p>\n<p><iframe loading=\"lazy\" title=\"\u063a\u0632\u0627\u0644 \u064a\u062d\u0631\u0632 \u0627\u0644\u0645\u0631\u0643\u0632 \u0627\u0644\u0623\u0648\u0644 \u0641\u064a \u0627\u0644\u0648\u062b\u0628 \u0627\u0644\u0639\u0627\u0644\u064a \u0628\u0645\u0644\u062a\u0642\u0649 \u0644\u0646\u062f\u0646 \u0644\u0644\u062f\u0648\u0631\u064a \u0627\u0644\u0645\u0627\u0633\u064a \u0644\u0623\u0644\u0639\u0627\u0628 \u0627\u0644\u0642\u0648\u0649\" width=\"618\" height=\"348\" src=\"https:\/\/www.youtube.com\/embed\/GbTzZFeuUNw?feature=oembed\" frameborder=\"0\" allow=\"accelerometer; autoplay; clipboard-write; encrypted-media; gyroscope; picture-in-picture; web-share\" referrerpolicy=\"strict-origin-when-cross-origin\" allowfullscreen><\/iframe><\/p>\n","protected":false},"excerpt":{"rendered":"<p>LONDRA \u2013 Suriye atletizm oyunlar\u0131 tak\u0131m\u0131nda yer alan milli oyuncumuz Mecduddin Gazal, Londra&#8217;da d\u00fczenlenen Elmas Turnusa\u0131nda y\u00fcksek atlama dal\u0131nda 2,30 m&#8217;yi ge\u00e7erek alt\u0131n madalyan\u0131n sahibi oldu. Gazal, ge\u00e7en ayda da Slovakya&#8217;da d\u00fczenlenen Uluslararas\u0131 Bratislava Turnuvas\u0131nda da ayn\u0131 rakamla alt\u0131n madalyan\u0131n sahibi olmu\u015ftu. Atletizm Birli\u011fi Ba\u015fkan\u0131 Fayyad Bekkur SANA&#8217;ya a\u00e7\u0131klamas\u0131nda, Londra turnuvas\u0131nda alt\u0131n madalyay\u0131 kazanarak genel &hellip;<\/p>\n","protected":false},"author":1,"featured_media":186638,"comment_status":"closed","ping_status":"closed","sticky":false,"template":"","format":"standard","meta":{"footnotes":""},"categories":[498,17988,496],"tags":[],"class_list":["post-186637","post","type-post","status-publish","format-standard","has-post-thumbnail","","category-dunya-turnuvalari","category-son-haberler","category-spor"],"_links":{"self":[{"href":"https:\/\/archive.sana.sy\/tr\/index.php?rest_route=\/wp\/v2\/posts\/186637","targetHints":{"allow":["GET"]}}],"collection":[{"href":"https:\/\/archive.sana.sy\/tr\/index.php?rest_route=\/wp\/v2\/posts"}],"about":[{"href":"https:\/\/archive.sana.sy\/tr\/index.php?rest_route=\/wp\/v2\/types\/post"}],"author":[{"embeddable":true,"href":"https:\/\/archive.sana.sy\/tr\/index.php?rest_route=\/wp\/v2\/users\/1"}],"replies":[{"embeddable":true,"href":"https:\/\/archive.sana.sy\/tr\/index.php?rest_route=%2Fwp%2Fv2%2Fcomments&post=186637"}],"version-history":[{"count":0,"href":"https:\/\/archive.sana.sy\/tr\/index.php?rest_route=\/wp\/v2\/posts\/186637\/revisions"}],"wp:featuredmedia":[{"embeddable":true,"href":"https:\/\/archive.sana.sy\/tr\/index.php?rest_route=\/wp\/v2\/media\/186638"}],"wp:attachment":[{"href":"https:\/\/archive.sana.sy\/tr\/index.php?rest_route=%2Fwp%2Fv2%2Fmedia&parent=186637"}],"wp:term":[{"taxonomy":"category","embeddable":true,"href":"https:\/\/archive.sana.sy\/tr\/index.php?rest_route=%2Fwp%2Fv2%2Fcategories&post=186637"},{"taxonomy":"post_tag","embeddable":true,"href":"https:\/\/archive.sana.sy\/tr\/index.php?rest_route=%2Fwp%2Fv2%2Ftags&post=186637"}],"curies":[{"name":"wp","href":"https:\/\/api.w.org\/{rel}","templated":true}]}}