{"id":186657,"date":"2019-07-22T15:30:32","date_gmt":"2019-07-22T12:30:32","guid":{"rendered":"http:\/\/www.sana.sy\/tr\/?p=186657"},"modified":"2019-07-23T15:35:31","modified_gmt":"2019-07-23T12:35:31","slug":"skaylabiye-kentine-karsi-teror-saldirisinda-4-sivil-vatandas-yarali-dustu","status":"publish","type":"post","link":"https:\/\/archive.sana.sy\/tr\/?p=186657","title":{"rendered":"Hama K\u0131rsal\u0131n\u0131n Kuzeyinde  Gaddar Ter\u00f6r F\u00fczeleri Nedeniyle 7 Sivil Vatanda\u015f \u015eehit D\u00fc\u015ft\u00fc"},"content":{"rendered":"<p>HAMA \u2013 \u0130dlib\u2019te gerginli\u011fi azaltma anla\u015fmas\u0131na ihlallerine s\u00fcrd\u00fcrerek ter\u00f6r gruplar\u0131 Hama k\u0131rsal\u0131n\u0131n kuzeyi g\u00fcvenli b\u00f6lgelerde yer alan Skaylabiye Kenti ve Naur Jurin K\u00f6y\u00fcndeki sivil yerle\u015fim alanlara kar\u015f\u0131 bulunduklar\u0131 f\u00fcze sald\u0131r\u0131s\u0131nda 7 sivil vatanda\u015f \u015fehit ve di\u011fer vatanda\u015flar da yaral\u0131 d\u00fc\u015ft\u00fc.<\/p>\n<p>SANA\u2019n\u0131n Hama muhabiri; gerginli\u011fi azaltma b\u00f6lgesinde mevkilenen ter\u00f6r gruplar\u0131n\u0131n, bug\u00fcn \u00f6\u011fleden sonra saatlerinde Hama k\u0131rsal\u0131n\u0131n kuzeyinde yer alan Naur Jurin K\u00f6y\u00fcne kar\u015f\u0131 bulunduklar\u0131 f\u00fcze sald\u0131r\u0131snda, aralar\u0131nda 2 \u00e7ocu\u011fun bulundu\u011fu 7 vatanda\u015f\u0131n \u015fehit ve di\u011fer vatanda\u015flar\u0131n da yaral\u0131 d\u00fc\u015ft\u00fcklerini belirtti.<\/p>\n<p>Daha erken saatlerinde muhabir; \u0130dlib k\u0131rsal\u0131n\u0131n g\u00fcneyinde ve Hama k\u0131rsal\u0131n\u0131n kuzeyinde yer alan Hbayt ve Kfarzeyta beldelerinde mevkilenen ter\u00f6r gruplar\u0131n\u0131n, Skaylabiye Kentindeki sivil yerle\u015fim alanlar\u0131n\u0131 f\u00fczelerle sald\u0131rd\u0131klar\u0131n\u0131 belirtti. Muhabir; ter\u00f6r gruplar\u0131n\u0131n sald\u0131r\u0131 sonucunda aralar\u0131nda bir \u00e7ocu\u011fun bulundu\u011fu 4 sivil vatanda\u015f\u0131n yaral\u0131 d\u00fc\u015ft\u00fc\u011f\u00fcn\u00fc ve \u00f6zel m\u00fclklerde maddi hasarlar\u0131n meydana geldi\u011fini aktard\u0131.<\/p>\n<p>Skaylabiye Hastanesinden yetkili bir kaynak SANA muhabirine; hastaneye kald\u0131r\u0131lan yaral\u0131 vatanda\u015flara gerekli t\u0131bbi yard\u0131mlar\u0131n takdim edildi\u011fini belirtti.<\/p>\n<p>Muhabir; ter\u00f6r gruplar\u0131n\u0131n yapt\u0131klar\u0131 sald\u0131r\u0131na cevap olarak ordu birliklerimizin Hbayt ve Kfarzeyta beldelerinde bulunan ter\u00f6r gruplar\u0131n\u0131n top mevkilerini tespit edip nitelikli ate\u015fle etkisiz hale getirdiklerini belirtti.<\/p>\n<div id='gallery-1' class='gallery galleryid-186657 gallery-columns-1 gallery-size-full'><figure class='gallery-item'>\n\t\t\t<div class='gallery-icon landscape'>\n\t\t\t\t<a href='https:\/\/archive.sana.sy\/tr\/wp-content\/uploads\/2019\/07\/01-12.jpg'><img loading=\"lazy\" decoding=\"async\" width=\"660\" height=\"385\" src=\"https:\/\/archive.sana.sy\/tr\/wp-content\/uploads\/2019\/07\/01-12.jpg\" class=\"attachment-full size-full\" alt=\"\" srcset=\"https:\/\/archive.sana.sy\/tr\/wp-content\/uploads\/2019\/07\/01-12.jpg 660w, https:\/\/archive.sana.sy\/tr\/wp-content\/uploads\/2019\/07\/01-12-150x88.jpg 150w, https:\/\/archive.sana.sy\/tr\/wp-content\/uploads\/2019\/07\/01-12-300x175.jpg 300w\" sizes=\"auto, (max-width: 660px) 100vw, 660px\" \/><\/a>\n\t\t\t<\/div><\/figure><figure class='gallery-item'>\n\t\t\t<div class='gallery-icon landscape'>\n\t\t\t\t<a href='https:\/\/archive.sana.sy\/tr\/wp-content\/uploads\/2019\/07\/02-1.jpg'><img loading=\"lazy\" decoding=\"async\" width=\"660\" height=\"385\" src=\"https:\/\/archive.sana.sy\/tr\/wp-content\/uploads\/2019\/07\/02-1.jpg\" class=\"attachment-full size-full\" alt=\"\" srcset=\"https:\/\/archive.sana.sy\/tr\/wp-content\/uploads\/2019\/07\/02-1.jpg 660w, https:\/\/archive.sana.sy\/tr\/wp-content\/uploads\/2019\/07\/02-1-150x88.jpg 150w, https:\/\/archive.sana.sy\/tr\/wp-content\/uploads\/2019\/07\/02-1-300x175.jpg 300w\" sizes=\"auto, (max-width: 660px) 100vw, 660px\" \/><\/a>\n\t\t\t<\/div><\/figure><figure class='gallery-item'>\n\t\t\t<div class='gallery-icon portrait'>\n\t\t\t\t<a href='https:\/\/archive.sana.sy\/tr\/wp-content\/uploads\/2019\/07\/03-1.jpg'><img loading=\"lazy\" decoding=\"async\" width=\"427\" height=\"660\" src=\"https:\/\/archive.sana.sy\/tr\/wp-content\/uploads\/2019\/07\/03-1.jpg\" class=\"attachment-full size-full\" alt=\"\" srcset=\"https:\/\/archive.sana.sy\/tr\/wp-content\/uploads\/2019\/07\/03-1.jpg 427w, https:\/\/archive.sana.sy\/tr\/wp-content\/uploads\/2019\/07\/03-1-97x150.jpg 97w, https:\/\/archive.sana.sy\/tr\/wp-content\/uploads\/2019\/07\/03-1-194x300.jpg 194w\" sizes=\"auto, (max-width: 427px) 100vw, 427px\" \/><\/a>\n\t\t\t<\/div><\/figure>\n\t\t<\/div>\n\n<p>&nbsp;<\/p>\n","protected":false},"excerpt":{"rendered":"<p>HAMA \u2013 \u0130dlib\u2019te gerginli\u011fi azaltma anla\u015fmas\u0131na ihlallerine s\u00fcrd\u00fcrerek ter\u00f6r gruplar\u0131 Hama k\u0131rsal\u0131n\u0131n kuzeyi g\u00fcvenli b\u00f6lgelerde yer alan Skaylabiye Kenti ve Naur Jurin K\u00f6y\u00fcndeki sivil yerle\u015fim alanlara kar\u015f\u0131 bulunduklar\u0131 f\u00fcze sald\u0131r\u0131s\u0131nda 7 sivil vatanda\u015f \u015fehit ve di\u011fer vatanda\u015flar da yaral\u0131 d\u00fc\u015ft\u00fc. SANA\u2019n\u0131n Hama muhabiri; gerginli\u011fi azaltma b\u00f6lgesinde mevkilenen ter\u00f6r gruplar\u0131n\u0131n, bug\u00fcn \u00f6\u011fleden sonra saatlerinde Hama k\u0131rsal\u0131n\u0131n &hellip;<\/p>\n","protected":false},"author":1,"featured_media":186703,"comment_status":"closed","ping_status":"closed","sticky":false,"template":"","format":"standard","meta":{"footnotes":""},"categories":[596,479,575,17988,478],"tags":[],"class_list":["post-186657","post","type-post","status-publish","format-standard","has-post-thumbnail","","category-fotografli-raporlar","category-haberler-yerel","category-olaylar-ve-gercekler","category-son-haberler","category-yerel"],"_links":{"self":[{"href":"https:\/\/archive.sana.sy\/tr\/index.php?rest_route=\/wp\/v2\/posts\/186657","targetHints":{"allow":["GET"]}}],"collection":[{"href":"https:\/\/archive.sana.sy\/tr\/index.php?rest_route=\/wp\/v2\/posts"}],"about":[{"href":"https:\/\/archive.sana.sy\/tr\/index.php?rest_route=\/wp\/v2\/types\/post"}],"author":[{"embeddable":true,"href":"https:\/\/archive.sana.sy\/tr\/index.php?rest_route=\/wp\/v2\/users\/1"}],"replies":[{"embeddable":true,"href":"https:\/\/archive.sana.sy\/tr\/index.php?rest_route=%2Fwp%2Fv2%2Fcomments&post=186657"}],"version-history":[{"count":0,"href":"https:\/\/archive.sana.sy\/tr\/index.php?rest_route=\/wp\/v2\/posts\/186657\/revisions"}],"wp:featuredmedia":[{"embeddable":true,"href":"https:\/\/archive.sana.sy\/tr\/index.php?rest_route=\/wp\/v2\/media\/186703"}],"wp:attachment":[{"href":"https:\/\/archive.sana.sy\/tr\/index.php?rest_route=%2Fwp%2Fv2%2Fmedia&parent=186657"}],"wp:term":[{"taxonomy":"category","embeddable":true,"href":"https:\/\/archive.sana.sy\/tr\/index.php?rest_route=%2Fwp%2Fv2%2Fcategories&post=186657"},{"taxonomy":"post_tag","embeddable":true,"href":"https:\/\/archive.sana.sy\/tr\/index.php?rest_route=%2Fwp%2Fv2%2Ftags&post=186657"}],"curies":[{"name":"wp","href":"https:\/\/api.w.org\/{rel}","templated":true}]}}