{"id":186661,"date":"2019-07-22T14:14:25","date_gmt":"2019-07-22T11:14:25","guid":{"rendered":"http:\/\/www.sana.sy\/tr\/?p=186661"},"modified":"2019-07-23T15:49:29","modified_gmt":"2019-07-23T12:49:29","slug":"esad-vatikan-papasindan-mesaj-aldi","status":"publish","type":"post","link":"https:\/\/archive.sana.sy\/tr\/?p=186661","title":{"rendered":"Esad Vatikan Papas\u0131ndan Mesaj Ald\u0131"},"content":{"rendered":"<p>\u015eAM \u2013 Cumhurba\u015fkan\u0131 Be\u015f\u015far el Esad B\u00fct\u00fcnle\u015fik \u0130nsani Kalk\u0131nmay\u0131 Peki\u015ftirme Konseyi Ba\u015fkan\u0131 Kardinal Peter Turkson\u2019u kabul\u00fcnde Vatikan Papas\u0131 Francis\u2019ten yaz\u0131l\u0131 bir mesaj ald\u0131.<\/p>\n<p>Vatikan Papas\u0131 el Esad\u2019a mesaj\u0131nda bir kez daha Suriye&#8217;de g\u00fcvenlik ve istikrar\u0131n sa\u011flanmas\u0131yla birlikte Suriye halk\u0131n\u0131n y\u0131llard\u0131r sava\u015f ve sava\u015f\u0131n yol a\u00e7t\u0131\u011f\u0131 sonu\u00e7lardan dolay\u0131 ya\u015fad\u0131klar\u0131 ac\u0131lara son verirlmesi temennilerini bir kez daha ifade etti.<\/p>\n<p><a href=\"http:\/\/www.sana.sy\/tr\/wp-content\/uploads\/2019\/07\/12-72.jpg\"><img loading=\"lazy\" decoding=\"async\" class=\"alignright size-medium wp-image-186666\" src=\"http:\/\/www.sana.sy\/tr\/wp-content\/uploads\/2019\/07\/12-72-300x161.jpg\" alt=\"\" width=\"300\" height=\"161\" srcset=\"https:\/\/archive.sana.sy\/tr\/wp-content\/uploads\/2019\/07\/12-72-300x161.jpg 300w, https:\/\/archive.sana.sy\/tr\/wp-content\/uploads\/2019\/07\/12-72-150x81.jpg 150w, https:\/\/archive.sana.sy\/tr\/wp-content\/uploads\/2019\/07\/12-72-310x165.jpg 310w, https:\/\/archive.sana.sy\/tr\/wp-content\/uploads\/2019\/07\/12-72.jpg 660w\" sizes=\"auto, (max-width: 300px) 100vw, 300px\" \/><\/a>Kardinal Turkson ve ona e\u015flik eden heyet ile g\u00f6r\u00fc\u015fmede Suriye&#8217;de son durum ve geli\u015fmelere odaklan\u0131ld\u0131. Cumhurba\u015fkan\u0131 el Esad; \u00f6zellikle \u0130dlib\u2019te olmak \u00fczere d\u0131\u015f g\u00fc\u00e7lere tabi ter\u00f6ristlerin bulunduklar\u0131 b\u00f6lgelerden hareket ederek civarda bulunan sivil yerle\u015fim alanlar\u0131 ve vatanda\u015flara bulunduklar\u0131 gaddar ter\u00f6r sald\u0131r\u0131lar\u0131 hakk\u0131nda bilgi aktard\u0131. El Esad ayn\u0131 zamanda s\u00f6z konusu ter\u00f6ristlerin Suriye ve halk\u0131na y\u00f6nelik vah\u015fet dolu ter\u00f6rlerini s\u00fcrd\u00fcrmeleri i\u00e7in bir k\u0131s\u0131m b\u00f6lge \u00fclkeleri ve Bat\u0131l\u0131 devletlerden ald\u0131klar\u0131 deste\u011fe de dikkat \u00e7ekti.<\/p>\n<p>Siyasi \u00e7abalar ve \u00e7\u00f6z\u00fcm s\u00fcrecinin de ele al\u0131nd\u0131\u011f\u0131 g\u00f6r\u00fc\u015fmede el Esad Suriye halk\u0131na yap\u0131lacak en iyi yard\u0131m\u0131n ter\u00f6r\u00fc destekleyen devletlerin bu desteklerini kesmelerini sa\u011flamak oldu\u011funun alt\u0131n\u0131 \u00e7izdi. El Esad bu devletlerin Suriye ve halk\u0131na y\u00f6nelik sava\u015f\u0131n uzun s\u00fcrmesi ve \u00e7\u00f6z\u00fcm\u00fcn engellenmesi i\u00e7in her \u00e7abay\u0131 sarf etmelerinin yan\u0131 s\u0131ra Suriye ve halk\u0131na kat\u0131 ekonomik yapt\u0131r\u0131mlar uygulad\u0131klar\u0131n\u0131 ifade etti.<\/p>\n<div id='gallery-1' class='gallery galleryid-186661 gallery-columns-1 gallery-size-full'><figure class='gallery-item'>\n\t\t\t<div class='gallery-icon landscape'>\n\t\t\t\t<a href='https:\/\/archive.sana.sy\/tr\/wp-content\/uploads\/2019\/07\/11-113.jpg'><img loading=\"lazy\" decoding=\"async\" width=\"660\" height=\"467\" src=\"https:\/\/archive.sana.sy\/tr\/wp-content\/uploads\/2019\/07\/11-113.jpg\" class=\"attachment-full size-full\" alt=\"\" srcset=\"https:\/\/archive.sana.sy\/tr\/wp-content\/uploads\/2019\/07\/11-113.jpg 660w, https:\/\/archive.sana.sy\/tr\/wp-content\/uploads\/2019\/07\/11-113-150x106.jpg 150w, https:\/\/archive.sana.sy\/tr\/wp-content\/uploads\/2019\/07\/11-113-300x212.jpg 300w\" sizes=\"auto, (max-width: 660px) 100vw, 660px\" \/><\/a>\n\t\t\t<\/div><\/figure>\n\t\t<\/div>\n\n","protected":false},"excerpt":{"rendered":"<p>\u015eAM \u2013 Cumhurba\u015fkan\u0131 Be\u015f\u015far el Esad B\u00fct\u00fcnle\u015fik \u0130nsani Kalk\u0131nmay\u0131 Peki\u015ftirme Konseyi Ba\u015fkan\u0131 Kardinal Peter Turkson\u2019u kabul\u00fcnde Vatikan Papas\u0131 Francis\u2019ten yaz\u0131l\u0131 bir mesaj ald\u0131. Vatikan Papas\u0131 el Esad\u2019a mesaj\u0131nda bir kez daha Suriye&#8217;de g\u00fcvenlik ve istikrar\u0131n sa\u011flanmas\u0131yla birlikte Suriye halk\u0131n\u0131n y\u0131llard\u0131r sava\u015f ve sava\u015f\u0131n yol a\u00e7t\u0131\u011f\u0131 sonu\u00e7lardan dolay\u0131 ya\u015fad\u0131klar\u0131 ac\u0131lara son verirlmesi temennilerini bir kez daha &hellip;<\/p>\n","protected":false},"author":1,"featured_media":186664,"comment_status":"closed","ping_status":"closed","sticky":false,"template":"","format":"standard","meta":{"footnotes":""},"categories":[608,479,605,17988,478],"tags":[],"class_list":["post-186661","post","type-post","status-publish","format-standard","has-post-thumbnail","","category-etkinlikler","category-haberler-yerel","category-sayin-cumhurbaskani","category-son-haberler","category-yerel"],"_links":{"self":[{"href":"https:\/\/archive.sana.sy\/tr\/index.php?rest_route=\/wp\/v2\/posts\/186661","targetHints":{"allow":["GET"]}}],"collection":[{"href":"https:\/\/archive.sana.sy\/tr\/index.php?rest_route=\/wp\/v2\/posts"}],"about":[{"href":"https:\/\/archive.sana.sy\/tr\/index.php?rest_route=\/wp\/v2\/types\/post"}],"author":[{"embeddable":true,"href":"https:\/\/archive.sana.sy\/tr\/index.php?rest_route=\/wp\/v2\/users\/1"}],"replies":[{"embeddable":true,"href":"https:\/\/archive.sana.sy\/tr\/index.php?rest_route=%2Fwp%2Fv2%2Fcomments&post=186661"}],"version-history":[{"count":0,"href":"https:\/\/archive.sana.sy\/tr\/index.php?rest_route=\/wp\/v2\/posts\/186661\/revisions"}],"wp:featuredmedia":[{"embeddable":true,"href":"https:\/\/archive.sana.sy\/tr\/index.php?rest_route=\/wp\/v2\/media\/186664"}],"wp:attachment":[{"href":"https:\/\/archive.sana.sy\/tr\/index.php?rest_route=%2Fwp%2Fv2%2Fmedia&parent=186661"}],"wp:term":[{"taxonomy":"category","embeddable":true,"href":"https:\/\/archive.sana.sy\/tr\/index.php?rest_route=%2Fwp%2Fv2%2Fcategories&post=186661"},{"taxonomy":"post_tag","embeddable":true,"href":"https:\/\/archive.sana.sy\/tr\/index.php?rest_route=%2Fwp%2Fv2%2Ftags&post=186661"}],"curies":[{"name":"wp","href":"https:\/\/api.w.org\/{rel}","templated":true}]}}