{"id":186669,"date":"2019-07-22T14:20:03","date_gmt":"2019-07-22T11:20:03","guid":{"rendered":"http:\/\/www.sana.sy\/tr\/?p=186669"},"modified":"2019-07-22T14:20:03","modified_gmt":"2019-07-22T11:20:03","slug":"cumhurbaskani-el-esad-vatikan-papasi-francisten-yazili-bir-mesaj-aliyor","status":"publish","type":"post","link":"https:\/\/archive.sana.sy\/tr\/?p=186669","title":{"rendered":"Cumhurba\u015fkan\u0131 el Esad Vatikan Papas\u0131 Francis\u2019ten yaz\u0131l\u0131 bir mesaj al\u0131yor"},"content":{"rendered":"<p>Cumhurba\u015fkan\u0131 el Esad Vatikan Papas\u0131 Francis\u2019ten yaz\u0131l\u0131 bir mesaj al\u0131yor.<\/p>\n<div id='gallery-1' class='gallery galleryid-186669 gallery-columns-1 gallery-size-full'><figure class='gallery-item'>\n\t\t\t<div class='gallery-icon landscape'>\n\t\t\t\t<a href='https:\/\/archive.sana.sy\/tr\/wp-content\/uploads\/2019\/07\/0000-21-660x330-1.jpg'><img loading=\"lazy\" decoding=\"async\" width=\"660\" height=\"330\" src=\"https:\/\/archive.sana.sy\/tr\/wp-content\/uploads\/2019\/07\/0000-21-660x330-1.jpg\" class=\"attachment-full size-full\" alt=\"\" srcset=\"https:\/\/archive.sana.sy\/tr\/wp-content\/uploads\/2019\/07\/0000-21-660x330-1.jpg 660w, https:\/\/archive.sana.sy\/tr\/wp-content\/uploads\/2019\/07\/0000-21-660x330-1-150x75.jpg 150w, https:\/\/archive.sana.sy\/tr\/wp-content\/uploads\/2019\/07\/0000-21-660x330-1-300x150.jpg 300w\" sizes=\"auto, (max-width: 660px) 100vw, 660px\" \/><\/a>\n\t\t\t<\/div><\/figure><figure class='gallery-item'>\n\t\t\t<div class='gallery-icon landscape'>\n\t\t\t\t<a href='https:\/\/archive.sana.sy\/tr\/wp-content\/uploads\/2019\/07\/12-72.jpg'><img loading=\"lazy\" decoding=\"async\" width=\"660\" height=\"355\" src=\"https:\/\/archive.sana.sy\/tr\/wp-content\/uploads\/2019\/07\/12-72.jpg\" class=\"attachment-full size-full\" alt=\"\" srcset=\"https:\/\/archive.sana.sy\/tr\/wp-content\/uploads\/2019\/07\/12-72.jpg 660w, https:\/\/archive.sana.sy\/tr\/wp-content\/uploads\/2019\/07\/12-72-150x81.jpg 150w, https:\/\/archive.sana.sy\/tr\/wp-content\/uploads\/2019\/07\/12-72-300x161.jpg 300w\" sizes=\"auto, (max-width: 660px) 100vw, 660px\" \/><\/a>\n\t\t\t<\/div><\/figure><figure class='gallery-item'>\n\t\t\t<div class='gallery-icon landscape'>\n\t\t\t\t<a href='https:\/\/archive.sana.sy\/tr\/wp-content\/uploads\/2019\/07\/11-113.jpg'><img loading=\"lazy\" decoding=\"async\" width=\"660\" height=\"467\" src=\"https:\/\/archive.sana.sy\/tr\/wp-content\/uploads\/2019\/07\/11-113.jpg\" class=\"attachment-full size-full\" alt=\"\" srcset=\"https:\/\/archive.sana.sy\/tr\/wp-content\/uploads\/2019\/07\/11-113.jpg 660w, https:\/\/archive.sana.sy\/tr\/wp-content\/uploads\/2019\/07\/11-113-150x106.jpg 150w, https:\/\/archive.sana.sy\/tr\/wp-content\/uploads\/2019\/07\/11-113-300x212.jpg 300w\" sizes=\"auto, (max-width: 660px) 100vw, 660px\" \/><\/a>\n\t\t\t<\/div><\/figure>\n\t\t<\/div>\n\n","protected":false},"excerpt":{"rendered":"<p>Cumhurba\u015fkan\u0131 el Esad Vatikan Papas\u0131 Francis\u2019ten yaz\u0131l\u0131 bir mesaj al\u0131yor.<\/p>\n","protected":false},"author":1,"featured_media":186670,"comment_status":"closed","ping_status":"closed","sticky":false,"template":"","format":"standard","meta":{"footnotes":""},"categories":[6459],"tags":[],"class_list":["post-186669","post","type-post","status-publish","format-standard","has-post-thumbnail","","category-sana-fotolarl"],"_links":{"self":[{"href":"https:\/\/archive.sana.sy\/tr\/index.php?rest_route=\/wp\/v2\/posts\/186669","targetHints":{"allow":["GET"]}}],"collection":[{"href":"https:\/\/archive.sana.sy\/tr\/index.php?rest_route=\/wp\/v2\/posts"}],"about":[{"href":"https:\/\/archive.sana.sy\/tr\/index.php?rest_route=\/wp\/v2\/types\/post"}],"author":[{"embeddable":true,"href":"https:\/\/archive.sana.sy\/tr\/index.php?rest_route=\/wp\/v2\/users\/1"}],"replies":[{"embeddable":true,"href":"https:\/\/archive.sana.sy\/tr\/index.php?rest_route=%2Fwp%2Fv2%2Fcomments&post=186669"}],"version-history":[{"count":0,"href":"https:\/\/archive.sana.sy\/tr\/index.php?rest_route=\/wp\/v2\/posts\/186669\/revisions"}],"wp:featuredmedia":[{"embeddable":true,"href":"https:\/\/archive.sana.sy\/tr\/index.php?rest_route=\/wp\/v2\/media\/186670"}],"wp:attachment":[{"href":"https:\/\/archive.sana.sy\/tr\/index.php?rest_route=%2Fwp%2Fv2%2Fmedia&parent=186669"}],"wp:term":[{"taxonomy":"category","embeddable":true,"href":"https:\/\/archive.sana.sy\/tr\/index.php?rest_route=%2Fwp%2Fv2%2Fcategories&post=186669"},{"taxonomy":"post_tag","embeddable":true,"href":"https:\/\/archive.sana.sy\/tr\/index.php?rest_route=%2Fwp%2Fv2%2Ftags&post=186669"}],"curies":[{"name":"wp","href":"https:\/\/api.w.org\/{rel}","templated":true}]}}