{"id":186684,"date":"2019-07-22T15:25:41","date_gmt":"2019-07-22T12:25:41","guid":{"rendered":"http:\/\/www.sana.sy\/tr\/?p=186684"},"modified":"2019-07-23T15:35:28","modified_gmt":"2019-07-23T12:35:28","slug":"samin-kadem-semtinde-bombali-eylem","status":"publish","type":"post","link":"https:\/\/archive.sana.sy\/tr\/?p=186684","title":{"rendered":"\u015eam&#8217;\u0131n Kadem Semtinde Bombal\u0131 Eylem"},"content":{"rendered":"<p>\u015eAM &#8211; Ba\u015fkent \u015eam&#8217;\u0131n Kadem Semtinde \u00f6zel bir araca yerle\u015ftirilen bomba d\u00fczene\u011finin patlamas\u0131 sonucunda bir vatanda\u015f \u015fehit d\u00fc\u015ft\u00fc.<\/p>\n<div id='gallery-1' class='gallery galleryid-186684 gallery-columns-2 gallery-size-full'><figure class='gallery-item'>\n\t\t\t<div class='gallery-icon landscape'>\n\t\t\t\t<a href='https:\/\/archive.sana.sy\/tr\/wp-content\/uploads\/2019\/07\/444-1.jpg'><img loading=\"lazy\" decoding=\"async\" width=\"1264\" height=\"770\" src=\"https:\/\/archive.sana.sy\/tr\/wp-content\/uploads\/2019\/07\/444-1.jpg\" class=\"attachment-full size-full\" alt=\"\" srcset=\"https:\/\/archive.sana.sy\/tr\/wp-content\/uploads\/2019\/07\/444-1.jpg 1264w, https:\/\/archive.sana.sy\/tr\/wp-content\/uploads\/2019\/07\/444-1-150x91.jpg 150w, https:\/\/archive.sana.sy\/tr\/wp-content\/uploads\/2019\/07\/444-1-300x183.jpg 300w, https:\/\/archive.sana.sy\/tr\/wp-content\/uploads\/2019\/07\/444-1-768x468.jpg 768w, https:\/\/archive.sana.sy\/tr\/wp-content\/uploads\/2019\/07\/444-1-1024x624.jpg 1024w\" sizes=\"auto, (max-width: 1264px) 100vw, 1264px\" \/><\/a>\n\t\t\t<\/div><\/figure><figure class='gallery-item'>\n\t\t\t<div class='gallery-icon landscape'>\n\t\t\t\t<a href='https:\/\/archive.sana.sy\/tr\/wp-content\/uploads\/2019\/07\/DSC_1145.jpg'><img loading=\"lazy\" decoding=\"async\" width=\"3543\" height=\"2278\" src=\"https:\/\/archive.sana.sy\/tr\/wp-content\/uploads\/2019\/07\/DSC_1145.jpg\" class=\"attachment-full size-full\" alt=\"\" srcset=\"https:\/\/archive.sana.sy\/tr\/wp-content\/uploads\/2019\/07\/DSC_1145.jpg 3543w, https:\/\/archive.sana.sy\/tr\/wp-content\/uploads\/2019\/07\/DSC_1145-150x96.jpg 150w, https:\/\/archive.sana.sy\/tr\/wp-content\/uploads\/2019\/07\/DSC_1145-300x193.jpg 300w, https:\/\/archive.sana.sy\/tr\/wp-content\/uploads\/2019\/07\/DSC_1145-768x494.jpg 768w, https:\/\/archive.sana.sy\/tr\/wp-content\/uploads\/2019\/07\/DSC_1145-1024x658.jpg 1024w\" sizes=\"auto, (max-width: 3543px) 100vw, 3543px\" \/><\/a>\n\t\t\t<\/div><\/figure><figure class='gallery-item'>\n\t\t\t<div class='gallery-icon landscape'>\n\t\t\t\t<a href='https:\/\/archive.sana.sy\/tr\/wp-content\/uploads\/2019\/07\/DSC_1156.jpg'><img loading=\"lazy\" decoding=\"async\" width=\"3543\" height=\"2358\" src=\"https:\/\/archive.sana.sy\/tr\/wp-content\/uploads\/2019\/07\/DSC_1156.jpg\" class=\"attachment-full size-full\" alt=\"\" srcset=\"https:\/\/archive.sana.sy\/tr\/wp-content\/uploads\/2019\/07\/DSC_1156.jpg 3543w, https:\/\/archive.sana.sy\/tr\/wp-content\/uploads\/2019\/07\/DSC_1156-150x100.jpg 150w, https:\/\/archive.sana.sy\/tr\/wp-content\/uploads\/2019\/07\/DSC_1156-300x200.jpg 300w, https:\/\/archive.sana.sy\/tr\/wp-content\/uploads\/2019\/07\/DSC_1156-768x511.jpg 768w, https:\/\/archive.sana.sy\/tr\/wp-content\/uploads\/2019\/07\/DSC_1156-1024x682.jpg 1024w, https:\/\/archive.sana.sy\/tr\/wp-content\/uploads\/2019\/07\/DSC_1156-310x205.jpg 310w\" sizes=\"auto, (max-width: 3543px) 100vw, 3543px\" \/><\/a>\n\t\t\t<\/div><\/figure><figure class='gallery-item'>\n\t\t\t<div class='gallery-icon landscape'>\n\t\t\t\t<a href='https:\/\/archive.sana.sy\/tr\/wp-content\/uploads\/2019\/07\/DSC_1162.jpg'><img loading=\"lazy\" decoding=\"async\" width=\"3543\" height=\"2432\" src=\"https:\/\/archive.sana.sy\/tr\/wp-content\/uploads\/2019\/07\/DSC_1162.jpg\" class=\"attachment-full size-full\" alt=\"\" srcset=\"https:\/\/archive.sana.sy\/tr\/wp-content\/uploads\/2019\/07\/DSC_1162.jpg 3543w, https:\/\/archive.sana.sy\/tr\/wp-content\/uploads\/2019\/07\/DSC_1162-150x103.jpg 150w, https:\/\/archive.sana.sy\/tr\/wp-content\/uploads\/2019\/07\/DSC_1162-300x206.jpg 300w, https:\/\/archive.sana.sy\/tr\/wp-content\/uploads\/2019\/07\/DSC_1162-768x527.jpg 768w, https:\/\/archive.sana.sy\/tr\/wp-content\/uploads\/2019\/07\/DSC_1162-1024x703.jpg 1024w, https:\/\/archive.sana.sy\/tr\/wp-content\/uploads\/2019\/07\/DSC_1162-110x75.jpg 110w\" sizes=\"auto, (max-width: 3543px) 100vw, 3543px\" \/><\/a>\n\t\t\t<\/div><\/figure><figure class='gallery-item'>\n\t\t\t<div class='gallery-icon landscape'>\n\t\t\t\t<a href='https:\/\/archive.sana.sy\/tr\/wp-content\/uploads\/2019\/07\/DSC_1166.jpg'><img loading=\"lazy\" decoding=\"async\" width=\"3543\" height=\"2354\" src=\"https:\/\/archive.sana.sy\/tr\/wp-content\/uploads\/2019\/07\/DSC_1166.jpg\" class=\"attachment-full size-full\" alt=\"\" srcset=\"https:\/\/archive.sana.sy\/tr\/wp-content\/uploads\/2019\/07\/DSC_1166.jpg 3543w, https:\/\/archive.sana.sy\/tr\/wp-content\/uploads\/2019\/07\/DSC_1166-150x100.jpg 150w, https:\/\/archive.sana.sy\/tr\/wp-content\/uploads\/2019\/07\/DSC_1166-300x199.jpg 300w, https:\/\/archive.sana.sy\/tr\/wp-content\/uploads\/2019\/07\/DSC_1166-768x510.jpg 768w, https:\/\/archive.sana.sy\/tr\/wp-content\/uploads\/2019\/07\/DSC_1166-1024x680.jpg 1024w, https:\/\/archive.sana.sy\/tr\/wp-content\/uploads\/2019\/07\/DSC_1166-310x205.jpg 310w\" sizes=\"auto, (max-width: 3543px) 100vw, 3543px\" \/><\/a>\n\t\t\t<\/div><\/figure><figure class='gallery-item'>\n\t\t\t<div class='gallery-icon landscape'>\n\t\t\t\t<a href='https:\/\/archive.sana.sy\/tr\/wp-content\/uploads\/2019\/07\/DSC_1174.jpg'><img loading=\"lazy\" decoding=\"async\" width=\"3543\" height=\"2451\" src=\"https:\/\/archive.sana.sy\/tr\/wp-content\/uploads\/2019\/07\/DSC_1174.jpg\" class=\"attachment-full size-full\" alt=\"\" srcset=\"https:\/\/archive.sana.sy\/tr\/wp-content\/uploads\/2019\/07\/DSC_1174.jpg 3543w, https:\/\/archive.sana.sy\/tr\/wp-content\/uploads\/2019\/07\/DSC_1174-150x104.jpg 150w, https:\/\/archive.sana.sy\/tr\/wp-content\/uploads\/2019\/07\/DSC_1174-300x208.jpg 300w, https:\/\/archive.sana.sy\/tr\/wp-content\/uploads\/2019\/07\/DSC_1174-768x531.jpg 768w, https:\/\/archive.sana.sy\/tr\/wp-content\/uploads\/2019\/07\/DSC_1174-1024x708.jpg 1024w, https:\/\/archive.sana.sy\/tr\/wp-content\/uploads\/2019\/07\/DSC_1174-110x75.jpg 110w\" sizes=\"auto, (max-width: 3543px) 100vw, 3543px\" \/><\/a>\n\t\t\t<\/div><\/figure>\n\t\t<\/div>\n\n","protected":false},"excerpt":{"rendered":"<p>\u015eAM &#8211; Ba\u015fkent \u015eam&#8217;\u0131n Kadem Semtinde \u00f6zel bir araca yerle\u015ftirilen bomba d\u00fczene\u011finin patlamas\u0131 sonucunda bir vatanda\u015f \u015fehit d\u00fc\u015ft\u00fc.<\/p>\n","protected":false},"author":1,"featured_media":186685,"comment_status":"closed","ping_status":"closed","sticky":false,"template":"","format":"standard","meta":{"footnotes":""},"categories":[596,479,575,17988,478],"tags":[],"class_list":["post-186684","post","type-post","status-publish","format-standard","has-post-thumbnail","","category-fotografli-raporlar","category-haberler-yerel","category-olaylar-ve-gercekler","category-son-haberler","category-yerel"],"_links":{"self":[{"href":"https:\/\/archive.sana.sy\/tr\/index.php?rest_route=\/wp\/v2\/posts\/186684","targetHints":{"allow":["GET"]}}],"collection":[{"href":"https:\/\/archive.sana.sy\/tr\/index.php?rest_route=\/wp\/v2\/posts"}],"about":[{"href":"https:\/\/archive.sana.sy\/tr\/index.php?rest_route=\/wp\/v2\/types\/post"}],"author":[{"embeddable":true,"href":"https:\/\/archive.sana.sy\/tr\/index.php?rest_route=\/wp\/v2\/users\/1"}],"replies":[{"embeddable":true,"href":"https:\/\/archive.sana.sy\/tr\/index.php?rest_route=%2Fwp%2Fv2%2Fcomments&post=186684"}],"version-history":[{"count":0,"href":"https:\/\/archive.sana.sy\/tr\/index.php?rest_route=\/wp\/v2\/posts\/186684\/revisions"}],"wp:featuredmedia":[{"embeddable":true,"href":"https:\/\/archive.sana.sy\/tr\/index.php?rest_route=\/wp\/v2\/media\/186685"}],"wp:attachment":[{"href":"https:\/\/archive.sana.sy\/tr\/index.php?rest_route=%2Fwp%2Fv2%2Fmedia&parent=186684"}],"wp:term":[{"taxonomy":"category","embeddable":true,"href":"https:\/\/archive.sana.sy\/tr\/index.php?rest_route=%2Fwp%2Fv2%2Fcategories&post=186684"},{"taxonomy":"post_tag","embeddable":true,"href":"https:\/\/archive.sana.sy\/tr\/index.php?rest_route=%2Fwp%2Fv2%2Ftags&post=186684"}],"curies":[{"name":"wp","href":"https:\/\/api.w.org\/{rel}","templated":true}]}}