{"id":186686,"date":"2019-07-22T15:34:26","date_gmt":"2019-07-22T12:34:26","guid":{"rendered":"http:\/\/www.sana.sy\/tr\/?p=186686"},"modified":"2019-07-22T15:34:26","modified_gmt":"2019-07-22T12:34:26","slug":"sananin-lazkiye-muhabiri-teror-gruplari-tarafindan-atilan-bir-fuzenin-lazkiyedeki-tisrin-universitesinde-dustugunu-belirtti","status":"publish","type":"post","link":"https:\/\/archive.sana.sy\/tr\/?p=186686","title":{"rendered":"SANA\u2019n\u0131n Lazkiye muhabiri; ter\u00f6r gruplar\u0131 taraf\u0131ndan at\u0131lan bir f\u00fczenin Lazkiye\u2019deki Ti\u015frin \u00dcniversitesinde d\u00fc\u015ft\u00fc\u011f\u00fcn\u00fc belirtti"},"content":{"rendered":"<p>SANA\u2019n\u0131n Lazkiye muhabiri; ter\u00f6r gruplar\u0131 taraf\u0131ndan at\u0131lan bir f\u00fczenin Lazkiye\u2019deki Ti\u015frin \u00dcniversitesinde d\u00fc\u015ft\u00fc\u011f\u00fcn\u00fc belirtti<\/p>\n","protected":false},"excerpt":{"rendered":"<p>SANA\u2019n\u0131n Lazkiye muhabiri; ter\u00f6r gruplar\u0131 taraf\u0131ndan at\u0131lan bir f\u00fczenin Lazkiye\u2019deki Ti\u015frin \u00dcniversitesinde d\u00fc\u015ft\u00fc\u011f\u00fcn\u00fc belirtti<\/p>\n","protected":false},"author":1,"featured_media":0,"comment_status":"closed","ping_status":"closed","sticky":false,"template":"","format":"standard","meta":{"footnotes":""},"categories":[17991],"tags":[],"class_list":["post-186686","post","type-post","status-publish","format-standard","","category-son-dakika"],"_links":{"self":[{"href":"https:\/\/archive.sana.sy\/tr\/index.php?rest_route=\/wp\/v2\/posts\/186686","targetHints":{"allow":["GET"]}}],"collection":[{"href":"https:\/\/archive.sana.sy\/tr\/index.php?rest_route=\/wp\/v2\/posts"}],"about":[{"href":"https:\/\/archive.sana.sy\/tr\/index.php?rest_route=\/wp\/v2\/types\/post"}],"author":[{"embeddable":true,"href":"https:\/\/archive.sana.sy\/tr\/index.php?rest_route=\/wp\/v2\/users\/1"}],"replies":[{"embeddable":true,"href":"https:\/\/archive.sana.sy\/tr\/index.php?rest_route=%2Fwp%2Fv2%2Fcomments&post=186686"}],"version-history":[{"count":0,"href":"https:\/\/archive.sana.sy\/tr\/index.php?rest_route=\/wp\/v2\/posts\/186686\/revisions"}],"wp:attachment":[{"href":"https:\/\/archive.sana.sy\/tr\/index.php?rest_route=%2Fwp%2Fv2%2Fmedia&parent=186686"}],"wp:term":[{"taxonomy":"category","embeddable":true,"href":"https:\/\/archive.sana.sy\/tr\/index.php?rest_route=%2Fwp%2Fv2%2Fcategories&post=186686"},{"taxonomy":"post_tag","embeddable":true,"href":"https:\/\/archive.sana.sy\/tr\/index.php?rest_route=%2Fwp%2Fv2%2Ftags&post=186686"}],"curies":[{"name":"wp","href":"https:\/\/api.w.org\/{rel}","templated":true}]}}