{"id":186694,"date":"2019-07-22T15:59:27","date_gmt":"2019-07-22T12:59:27","guid":{"rendered":"http:\/\/www.sana.sy\/tr\/?p=186694"},"modified":"2019-07-22T15:59:27","modified_gmt":"2019-07-22T12:59:27","slug":"suriye-ve-venezuella-kulturel-isbirligi-cercevesinde-samin-el-esad-kultur-evinde-venezuella-kulturel-haftasi-faaliyetlerine-basladi","status":"publish","type":"post","link":"https:\/\/archive.sana.sy\/tr\/?p=186694","title":{"rendered":"Suriye ve Venez\u00fcella k\u00fclt\u00fcrel i\u015fbirli\u011fi \u00e7er\u00e7evesinde \u015eam\u2019\u0131n el Esad K\u00fclt\u00fcr Evinde \u201cVenez\u00fcella K\u00fclt\u00fcrel Haftas\u0131\u201d faaliyetlerine ba\u015flad\u0131"},"content":{"rendered":"<p>Suriye ve Venez\u00fcella k\u00fclt\u00fcrel i\u015fbirli\u011fi \u00e7er\u00e7evesinde \u015eam\u2019\u0131n el Esad K\u00fclt\u00fcr Evinde \u201cVenez\u00fcella K\u00fclt\u00fcrel Haftas\u0131\u201d faaliyetlerine ba\u015flad\u0131<\/p>\n","protected":false},"excerpt":{"rendered":"<p>Suriye ve Venez\u00fcella k\u00fclt\u00fcrel i\u015fbirli\u011fi \u00e7er\u00e7evesinde \u015eam\u2019\u0131n el Esad K\u00fclt\u00fcr Evinde \u201cVenez\u00fcella K\u00fclt\u00fcrel Haftas\u0131\u201d faaliyetlerine ba\u015flad\u0131<\/p>\n","protected":false},"author":1,"featured_media":186698,"comment_status":"closed","ping_status":"closed","sticky":false,"template":"","format":"standard","meta":{"footnotes":""},"categories":[573],"tags":[],"class_list":["post-186694","post","type-post","status-publish","format-standard","has-post-thumbnail","","category-goruntulu-olaylar"],"_links":{"self":[{"href":"https:\/\/archive.sana.sy\/tr\/index.php?rest_route=\/wp\/v2\/posts\/186694","targetHints":{"allow":["GET"]}}],"collection":[{"href":"https:\/\/archive.sana.sy\/tr\/index.php?rest_route=\/wp\/v2\/posts"}],"about":[{"href":"https:\/\/archive.sana.sy\/tr\/index.php?rest_route=\/wp\/v2\/types\/post"}],"author":[{"embeddable":true,"href":"https:\/\/archive.sana.sy\/tr\/index.php?rest_route=\/wp\/v2\/users\/1"}],"replies":[{"embeddable":true,"href":"https:\/\/archive.sana.sy\/tr\/index.php?rest_route=%2Fwp%2Fv2%2Fcomments&post=186694"}],"version-history":[{"count":0,"href":"https:\/\/archive.sana.sy\/tr\/index.php?rest_route=\/wp\/v2\/posts\/186694\/revisions"}],"wp:featuredmedia":[{"embeddable":true,"href":"https:\/\/archive.sana.sy\/tr\/index.php?rest_route=\/wp\/v2\/media\/186698"}],"wp:attachment":[{"href":"https:\/\/archive.sana.sy\/tr\/index.php?rest_route=%2Fwp%2Fv2%2Fmedia&parent=186694"}],"wp:term":[{"taxonomy":"category","embeddable":true,"href":"https:\/\/archive.sana.sy\/tr\/index.php?rest_route=%2Fwp%2Fv2%2Fcategories&post=186694"},{"taxonomy":"post_tag","embeddable":true,"href":"https:\/\/archive.sana.sy\/tr\/index.php?rest_route=%2Fwp%2Fv2%2Ftags&post=186694"}],"curies":[{"name":"wp","href":"https:\/\/api.w.org\/{rel}","templated":true}]}}