{"id":186713,"date":"2019-07-22T22:44:47","date_gmt":"2019-07-22T19:44:47","guid":{"rendered":"http:\/\/www.sana.sy\/tr\/?p=186713"},"modified":"2019-07-23T15:35:36","modified_gmt":"2019-07-23T12:35:36","slug":"lukasenko-muallim-ile-iki-ulke-arasindaki-iliskilerin-guclendirilmesi-ve-suriyedeki-son-gelismeleri-ele-aldi","status":"publish","type":"post","link":"https:\/\/archive.sana.sy\/tr\/?p=186713","title":{"rendered":"Luka\u015fenko Muallim \u0130le \u0130ki \u00dclke Aras\u0131ndaki \u0130li\u015fkilerin G\u00fc\u00e7lendirilmesi ve Suriye&#8217;deki Son Geli\u015fmeleri Ele Ald\u0131"},"content":{"rendered":"<p style=\"text-align: justify;\">M\u0130NSK &#8211; Belarus Cumhurba\u015fkan\u0131 Alexander Luka\u015fenko, bug\u00fcn Ba\u015fbakan Yard\u0131mc\u0131s\u0131 ve D\u0131\u015fi\u015fleri ve Gurbet\u00e7iler Bakan\u0131 Velid Muallim ve beraberindeki heyeti kabul etti.<\/p>\n<p style=\"text-align: justify;\">Kabulde, iki dost \u00fclke aras\u0131ndaki ikili ili\u015fkilerle, Suriye, b\u00f6lgesel ve uluslararas\u0131 sahalardaki geli\u015fmelere ek olarak kar\u015f\u0131l\u0131kl\u0131 \u00e7\u0131karlara hizmet edecek \u015fekildet aralar\u0131ndaki i\u015fbirli\u011fi, dan\u0131\u015fma ve ziyaret al\u0131\u015fveri\u015fini geli\u015ftirme umutlar\u0131n\u0131 ele ald\u0131lar.<\/p>\n<p style=\"text-align: justify;\">D\u0131\u015fi\u015fleri ve Gurbet\u00e7iler Bakan\u0131, Cumhurba\u015fkan\u0131 Be\u015far Esad\u2019\u0131n ve Suriye halk\u0131n\u0131n selamlar\u0131n\u0131 ve iyi dileklerini Belarus Cumhurba\u015fkan\u0131 Luka\u015fenko\u2019ya iletirken, Cumhurba\u015fkan\u0131 Esad ve Suriye halk\u0131n\u0131n, Belarus\u2019un ilkeli tutumundan dolay\u0131 takdirlerini dile getirdi ve Suriye\u2019yi ter\u00f6rist sava\u015f kar\u015f\u0131s\u0131nda \u00fclkesinin Suriye\u2019yi uluslararas\u0131 paltformlarda ve \u00f6rg\u00fctler nezdinde sundu\u011fu deste\u011finden dolay\u0131 te\u015fekk\u00fcrlerini sundu.<\/p>\n<p style=\"text-align: justify;\">Muallim Lukashenko&#8217;ya, Belarus Cumhuriyeti kamplar\u0131nda \u015fehit ve kimsesiz \u00e7ocuklara ev sahipli\u011fi yapmak ve ki\u015fisel bak\u0131mlar\u0131n\u0131 \u00fcstlenmek yan\u0131 s\u0131ra bu kamplar\u0131n Suriyeli \u00e7ocuklara b\u0131rakt\u0131klar\u0131 olumlu etkilerinden dolay\u0131 \u015f\u00fckranlar\u0131n\u0131 sundu<\/p>\n<p><img loading=\"lazy\" decoding=\"async\" class=\"alignright wp-image-186715 size-medium\" src=\"http:\/\/www.sana.sy\/tr\/wp-content\/uploads\/2019\/07\/7-123-300x175.jpg\" alt=\"\" width=\"300\" height=\"175\" srcset=\"https:\/\/archive.sana.sy\/tr\/wp-content\/uploads\/2019\/07\/7-123-300x175.jpg 300w, https:\/\/archive.sana.sy\/tr\/wp-content\/uploads\/2019\/07\/7-123-150x88.jpg 150w, https:\/\/archive.sana.sy\/tr\/wp-content\/uploads\/2019\/07\/7-123.jpg 660w\" sizes=\"auto, (max-width: 300px) 100vw, 300px\" \/><\/p>\n<p style=\"text-align: justify;\">Bakan Muallim, Suriye\u2019deki son geli\u015fmeler ve ter\u00f6rle m\u00fccadelesi konusunda bir sunum yaparak, Suriye\u2019nin t\u00fcm Suriye co\u011frafyas\u0131nda Suriyelilere g\u00fcven ve huzuru sa\u011flamak yolunda, ABD ve m\u00fcttefikleri taraf\u0131ndan Suriye&#8217;ye uygulanan, ekonomik ter\u00f6rizm de dahil olmak \u00fczere abluka ve tek tarafl\u0131 zorlay\u0131c\u0131 ekonomik yapt\u0131r\u0131mlara ra\u011fmen, b\u00f6lgeyi ve d\u00fcnyay\u0131 tehdit eden ter\u00f6rle sava\u015fmaya devam etti\u011fini vurgulad\u0131.<\/p>\n<p style=\"text-align: justify;\">Muallim Suriye&#8217;nin, \u00f6zellikle ekonomik alanda, Belarus Cumhuriyeti ile ikili ili\u015fkilerini geli\u015ftirme arzusuna i\u015faret ederek, yeniden yap\u0131lanma s\u00fcrecine kat\u0131l\u0131m\u0131n\u0131 ve Suriye&#8217;nin Belaruslu \u015firketlere bu s\u00fcrece katk\u0131da bulunmalar\u0131 i\u00e7in gerekli t\u00fcm olanaklar\u0131 sa\u011flamaya haz\u0131r oldu\u011funu dile getirdi.<\/p>\n<p><span style=\"text-align: justify;\">Kendi y\u00f6n\u00fcnden \u00fclkesinin dost Suriye&#8217;ye maruz kald\u0131klar\u0131ndan dolay\u0131 ilkeli deste\u011fini, Suriye ve y\u00f6netimine maruz kald\u0131klar\u0131 ter\u00f6r sald\u0131r\u0131s\u0131na kar\u015f\u0131 koymada yan\u0131nda durdu\u011funu ve Belarus&#8217;un Suriye&#8217;nin izledi\u011fi politikay\u0131 takdirle kar\u015f\u0131lad\u0131\u011f\u0131n\u0131 dile getiren Belarus Cumhurba\u015fkan\u0131, ter\u00f6rle m\u00fccadelede Suriye ile i\u015fbirli\u011finin \u00f6nemini vurgulayarak, Belarus&#8217;un Suriye ile \u00e7e\u015fitli alanlarda dostlu\u011funu peki\u015ftirmek istedi\u011fini s\u00f6yledi.<\/span><\/p>\n<p style=\"text-align: justify;\">Cumhurba\u015fkan\u0131 Luka\u015fenko, Belarus\u2019un y\u00fczlerce \u015fehit o\u011flunu Suriye\u2019den kar\u015f\u0131lamak i\u00e7in ba\u015flatt\u0131\u011f\u0131 program\u0131n, anne ve babalar\u0131n\u0131n ter\u00f6r kar\u015f\u0131s\u0131ndaki fedakarl\u0131klar\u0131 yan\u0131 s\u0131ra Suriye\u2019nin hak ve egemenli\u011fini ve Suriye halk\u0131n\u0131 savunmalar\u0131na y\u00f6nelik adil \u00e7abalar\u0131 a\u00e7\u0131s\u0131ndan bir te\u015fekk\u00fcr ifadesi olarak geldi\u011fine dikkat \u00e7ekti.<\/p>\n<p style=\"text-align: justify;\">Luka\u015fenko \u00fclkesinin, Suriye halk\u0131na yeniden yap\u0131lanma konusunda yard\u0131mc\u0131 olmaya\u00a0haz\u0131r oldu\u011funu ve iki \u00fclke aras\u0131nda i\u015fbirli\u011fini geli\u015ftirmek i\u00e7in gereken her t\u00fcrl\u00fc \u00e7abay\u0131 g\u00f6stermeye haz\u0131r oldu\u011funu dile getirdi.<\/p>\n<p style=\"text-align: justify;\">Belarus Cumhurba\u015fkan\u0131 Bakan Muallim&#8217;den, selamlar\u0131n\u0131 Cumhurba\u015fkan\u0131 el Esad&#8217;a iletmesini isteyerek, Suriye y\u00f6netiminin cesur ve ilkeli tutumlar\u0131ndan dolay\u0131 takdirlerini ifade etti.<\/p>\n<p style=\"text-align: justify;\">G\u00f6r\u00fc\u015fmeye, D\u0131\u015fi\u015fleri ve Gurbet\u00e7iler Bakan Yard\u0131mc\u0131s\u0131 Dr. Muhammed Eymen Sosan, D\u0131\u015fi\u015fleri ve Gurbet\u00e7iler Bakanl\u0131\u011f\u0131 \u00d6zel Ofisi Direkt\u00f6r\u00fc Muhammed Umrani, Belarus D\u0131\u015fi\u015fleri Bakan\u0131 Vladimir Maki ile Belarus&#8217;un \u015eam B\u00fcy\u00fckel\u00e7isi Yuri Salka kat\u0131ld\u0131.<\/p>\n","protected":false},"excerpt":{"rendered":"<p>M\u0130NSK &#8211; Belarus Cumhurba\u015fkan\u0131 Alexander Luka\u015fenko, bug\u00fcn Ba\u015fbakan Yard\u0131mc\u0131s\u0131 ve D\u0131\u015fi\u015fleri ve Gurbet\u00e7iler Bakan\u0131 Velid Muallim ve beraberindeki heyeti kabul etti. Kabulde, iki dost \u00fclke aras\u0131ndaki ikili ili\u015fkilerle, Suriye, b\u00f6lgesel ve uluslararas\u0131 sahalardaki geli\u015fmelere ek olarak kar\u015f\u0131l\u0131kl\u0131 \u00e7\u0131karlara hizmet edecek \u015fekildet aralar\u0131ndaki i\u015fbirli\u011fi, dan\u0131\u015fma ve ziyaret al\u0131\u015fveri\u015fini geli\u015ftirme umutlar\u0131n\u0131 ele ald\u0131lar. D\u0131\u015fi\u015fleri ve Gurbet\u00e7iler Bakan\u0131, &hellip;<\/p>\n","protected":false},"author":1,"featured_media":186714,"comment_status":"closed","ping_status":"closed","sticky":false,"template":"","format":"standard","meta":{"footnotes":""},"categories":[458,459,17988],"tags":[],"class_list":["post-186713","post","type-post","status-publish","format-standard","has-post-thumbnail","","category-dunya1","category-haberler-arap-uluslararasi-politika","category-son-haberler"],"_links":{"self":[{"href":"https:\/\/archive.sana.sy\/tr\/index.php?rest_route=\/wp\/v2\/posts\/186713","targetHints":{"allow":["GET"]}}],"collection":[{"href":"https:\/\/archive.sana.sy\/tr\/index.php?rest_route=\/wp\/v2\/posts"}],"about":[{"href":"https:\/\/archive.sana.sy\/tr\/index.php?rest_route=\/wp\/v2\/types\/post"}],"author":[{"embeddable":true,"href":"https:\/\/archive.sana.sy\/tr\/index.php?rest_route=\/wp\/v2\/users\/1"}],"replies":[{"embeddable":true,"href":"https:\/\/archive.sana.sy\/tr\/index.php?rest_route=%2Fwp%2Fv2%2Fcomments&post=186713"}],"version-history":[{"count":0,"href":"https:\/\/archive.sana.sy\/tr\/index.php?rest_route=\/wp\/v2\/posts\/186713\/revisions"}],"wp:featuredmedia":[{"embeddable":true,"href":"https:\/\/archive.sana.sy\/tr\/index.php?rest_route=\/wp\/v2\/media\/186714"}],"wp:attachment":[{"href":"https:\/\/archive.sana.sy\/tr\/index.php?rest_route=%2Fwp%2Fv2%2Fmedia&parent=186713"}],"wp:term":[{"taxonomy":"category","embeddable":true,"href":"https:\/\/archive.sana.sy\/tr\/index.php?rest_route=%2Fwp%2Fv2%2Fcategories&post=186713"},{"taxonomy":"post_tag","embeddable":true,"href":"https:\/\/archive.sana.sy\/tr\/index.php?rest_route=%2Fwp%2Fv2%2Ftags&post=186713"}],"curies":[{"name":"wp","href":"https:\/\/api.w.org\/{rel}","templated":true}]}}