{"id":186717,"date":"2019-07-22T22:50:52","date_gmt":"2019-07-22T19:50:52","guid":{"rendered":"http:\/\/www.sana.sy\/tr\/?p=186717"},"modified":"2019-07-23T15:35:40","modified_gmt":"2019-07-23T12:35:40","slug":"teror-saldirilari-can-almaya-devam-ediyor-bilanco-7-sehit","status":"publish","type":"post","link":"https:\/\/archive.sana.sy\/tr\/?p=186717","title":{"rendered":"Ter\u00f6r Sald\u0131r\u0131lar\u0131 Can Almaya Devam Ediyor Bilan\u00e7o 7 \u015eehit"},"content":{"rendered":"<p style=\"text-align: justify;\">HALEP \u2013 Ter\u00f6rist gruplar\u0131n Halep ili Hamadaniye ve Cemiliye semtlerine y\u00f6nelik f\u00fczeli ve patlay\u0131c\u0131 mermilerle d\u00fczenledikleri sald\u0131r\u0131 sonucunda 7 vatanda\u015f\u0131m\u0131z \u015fehit d\u00fc\u015ft\u00fc baz\u0131 vatanda\u015flar da yaraland\u0131.<\/p>\n<p style=\"text-align: justify;\">Halep \u0130l Emniyet M\u00fcd\u00fcrl\u00fc\u011f\u00fcnde bir kaynak SANA muhabirine a\u00e7\u0131klamas\u0131nda, \u015fehrin bat\u0131s\u0131ndaki Re\u015fidiye semtinde yay\u0131lan ter\u00f6rist gruplar\u0131n bu ak\u015fam Hamadaniye ve Cemiiliye semtlerine roketli f\u00fczeler ve patlay\u0131c\u0131 mermilerle yo\u011fun kalabal\u0131k saatlerinde bir sald\u0131r\u0131 d\u00fczenlediklerini bunun sonucunda 7 sivil vatanda\u015f\u0131 \u015fehit d\u00fc\u015fmesi, baz\u0131 vatanda\u015flar\u0131nda yaralanmas\u0131na ahali ev ve m\u00fclkleri yan\u0131 s\u0131ra kamu m\u00fclkleri ve baz\u0131 ara\u00e7larda da maddi hasarlara neden olduklar\u0131n\u0131 baz\u0131 evlerde de yang\u0131nlara sebebiyet verdiklerini s\u00f6yledi.<\/p>\n<p style=\"text-align: justify;\">Muhabir, yaral\u0131lar\u0131n tedavi i\u00e7in \u00dcniversite ve El Razi hastanelerine kald\u0131r\u0131ld\u0131klar\u0131n\u0131, ilk yard\u0131m ve hacet gere\u011fi ameliyatlar\u0131n ger\u00e7ekle\u015ftirildi\u011fini, bir sa\u011fl\u0131k kayna\u011f\u0131n\u0131n da baz\u0131 durumlar\u0131n a\u011f\u0131r oldu\u011funu bildirdi\u011fini ifade etti.<\/p>\n<p style=\"text-align: justify;\">Muhab\u0130r, Suriye Arap Ordusundaki birliklerimizin Ra\u015fidin semtindeki sald\u0131r\u0131 kaynaklar\u0131na derhal cevap verdi\u011fini, f\u00fcze rampalar\u0131n\u0131 hedef alarak ter\u00f6ristlerin saflar\u0131nda \u00f6l\u00fc ve yaral\u0131lar d\u00fc\u015f\u00fcrd\u00fcklerini s\u00f6yledi.<\/p>\n<p>\u00c7eviri: S.\u015eahut<\/p>\n<div id='gallery-1' class='gallery galleryid-186717 gallery-columns-3 gallery-size-full'><figure class='gallery-item'>\n\t\t\t<div class='gallery-icon landscape'>\n\t\t\t\t<a href='https:\/\/archive.sana.sy\/tr\/wp-content\/uploads\/2019\/07\/3-5.jpg'><img loading=\"lazy\" decoding=\"async\" width=\"660\" height=\"417\" src=\"https:\/\/archive.sana.sy\/tr\/wp-content\/uploads\/2019\/07\/3-5.jpg\" class=\"attachment-full size-full\" alt=\"\" srcset=\"https:\/\/archive.sana.sy\/tr\/wp-content\/uploads\/2019\/07\/3-5.jpg 660w, https:\/\/archive.sana.sy\/tr\/wp-content\/uploads\/2019\/07\/3-5-150x95.jpg 150w, https:\/\/archive.sana.sy\/tr\/wp-content\/uploads\/2019\/07\/3-5-300x190.jpg 300w\" sizes=\"auto, (max-width: 660px) 100vw, 660px\" \/><\/a>\n\t\t\t<\/div><\/figure><figure class='gallery-item'>\n\t\t\t<div class='gallery-icon landscape'>\n\t\t\t\t<a href='https:\/\/archive.sana.sy\/tr\/wp-content\/uploads\/2019\/07\/2-6.jpg'><img loading=\"lazy\" decoding=\"async\" width=\"660\" height=\"412\" src=\"https:\/\/archive.sana.sy\/tr\/wp-content\/uploads\/2019\/07\/2-6.jpg\" class=\"attachment-full size-full\" alt=\"\" srcset=\"https:\/\/archive.sana.sy\/tr\/wp-content\/uploads\/2019\/07\/2-6.jpg 660w, https:\/\/archive.sana.sy\/tr\/wp-content\/uploads\/2019\/07\/2-6-150x94.jpg 150w, https:\/\/archive.sana.sy\/tr\/wp-content\/uploads\/2019\/07\/2-6-300x187.jpg 300w\" sizes=\"auto, (max-width: 660px) 100vw, 660px\" \/><\/a>\n\t\t\t<\/div><\/figure><figure class='gallery-item'>\n\t\t\t<div class='gallery-icon landscape'>\n\t\t\t\t<a href='https:\/\/archive.sana.sy\/tr\/wp-content\/uploads\/2019\/07\/6-2.jpg'><img loading=\"lazy\" decoding=\"async\" width=\"660\" height=\"440\" src=\"https:\/\/archive.sana.sy\/tr\/wp-content\/uploads\/2019\/07\/6-2.jpg\" class=\"attachment-full size-full\" alt=\"\" srcset=\"https:\/\/archive.sana.sy\/tr\/wp-content\/uploads\/2019\/07\/6-2.jpg 660w, https:\/\/archive.sana.sy\/tr\/wp-content\/uploads\/2019\/07\/6-2-150x100.jpg 150w, https:\/\/archive.sana.sy\/tr\/wp-content\/uploads\/2019\/07\/6-2-300x200.jpg 300w\" sizes=\"auto, (max-width: 660px) 100vw, 660px\" \/><\/a>\n\t\t\t<\/div><\/figure><figure class='gallery-item'>\n\t\t\t<div class='gallery-icon landscape'>\n\t\t\t\t<a href='https:\/\/archive.sana.sy\/tr\/wp-content\/uploads\/2019\/07\/photo_2019-07-22_20-36-56.jpg'><img loading=\"lazy\" decoding=\"async\" width=\"3543\" height=\"2104\" src=\"https:\/\/archive.sana.sy\/tr\/wp-content\/uploads\/2019\/07\/photo_2019-07-22_20-36-56.jpg\" class=\"attachment-full size-full\" alt=\"\" srcset=\"https:\/\/archive.sana.sy\/tr\/wp-content\/uploads\/2019\/07\/photo_2019-07-22_20-36-56.jpg 3543w, https:\/\/archive.sana.sy\/tr\/wp-content\/uploads\/2019\/07\/photo_2019-07-22_20-36-56-150x89.jpg 150w, https:\/\/archive.sana.sy\/tr\/wp-content\/uploads\/2019\/07\/photo_2019-07-22_20-36-56-300x178.jpg 300w, https:\/\/archive.sana.sy\/tr\/wp-content\/uploads\/2019\/07\/photo_2019-07-22_20-36-56-768x456.jpg 768w, https:\/\/archive.sana.sy\/tr\/wp-content\/uploads\/2019\/07\/photo_2019-07-22_20-36-56-1024x608.jpg 1024w\" sizes=\"auto, (max-width: 3543px) 100vw, 3543px\" \/><\/a>\n\t\t\t<\/div><\/figure><figure class='gallery-item'>\n\t\t\t<div class='gallery-icon landscape'>\n\t\t\t\t<a href='https:\/\/archive.sana.sy\/tr\/wp-content\/uploads\/2019\/07\/1-28.jpg'><img loading=\"lazy\" decoding=\"async\" width=\"660\" height=\"386\" src=\"https:\/\/archive.sana.sy\/tr\/wp-content\/uploads\/2019\/07\/1-28.jpg\" class=\"attachment-full size-full\" alt=\"\" srcset=\"https:\/\/archive.sana.sy\/tr\/wp-content\/uploads\/2019\/07\/1-28.jpg 660w, https:\/\/archive.sana.sy\/tr\/wp-content\/uploads\/2019\/07\/1-28-150x88.jpg 150w, https:\/\/archive.sana.sy\/tr\/wp-content\/uploads\/2019\/07\/1-28-300x175.jpg 300w\" sizes=\"auto, (max-width: 660px) 100vw, 660px\" \/><\/a>\n\t\t\t<\/div><\/figure><figure class='gallery-item'>\n\t\t\t<div class='gallery-icon landscape'>\n\t\t\t\t<a href='https:\/\/archive.sana.sy\/tr\/wp-content\/uploads\/2019\/07\/7-1.jpg'><img loading=\"lazy\" decoding=\"async\" width=\"660\" height=\"440\" src=\"https:\/\/archive.sana.sy\/tr\/wp-content\/uploads\/2019\/07\/7-1.jpg\" class=\"attachment-full size-full\" alt=\"\" srcset=\"https:\/\/archive.sana.sy\/tr\/wp-content\/uploads\/2019\/07\/7-1.jpg 660w, https:\/\/archive.sana.sy\/tr\/wp-content\/uploads\/2019\/07\/7-1-150x100.jpg 150w, https:\/\/archive.sana.sy\/tr\/wp-content\/uploads\/2019\/07\/7-1-300x200.jpg 300w\" sizes=\"auto, (max-width: 660px) 100vw, 660px\" \/><\/a>\n\t\t\t<\/div><\/figure>\n\t\t<\/div>\n\n","protected":false},"excerpt":{"rendered":"<p>HALEP \u2013 Ter\u00f6rist gruplar\u0131n Halep ili Hamadaniye ve Cemiliye semtlerine y\u00f6nelik f\u00fczeli ve patlay\u0131c\u0131 mermilerle d\u00fczenledikleri sald\u0131r\u0131 sonucunda 7 vatanda\u015f\u0131m\u0131z \u015fehit d\u00fc\u015ft\u00fc baz\u0131 vatanda\u015flar da yaraland\u0131. Halep \u0130l Emniyet M\u00fcd\u00fcrl\u00fc\u011f\u00fcnde bir kaynak SANA muhabirine a\u00e7\u0131klamas\u0131nda, \u015fehrin bat\u0131s\u0131ndaki Re\u015fidiye semtinde yay\u0131lan ter\u00f6rist gruplar\u0131n bu ak\u015fam Hamadaniye ve Cemiiliye semtlerine roketli f\u00fczeler ve patlay\u0131c\u0131 mermilerle yo\u011fun kalabal\u0131k &hellip;<\/p>\n","protected":false},"author":1,"featured_media":186719,"comment_status":"closed","ping_status":"closed","sticky":false,"template":"","format":"standard","meta":{"footnotes":""},"categories":[596,479,575,17988,478],"tags":[],"class_list":["post-186717","post","type-post","status-publish","format-standard","has-post-thumbnail","","category-fotografli-raporlar","category-haberler-yerel","category-olaylar-ve-gercekler","category-son-haberler","category-yerel"],"_links":{"self":[{"href":"https:\/\/archive.sana.sy\/tr\/index.php?rest_route=\/wp\/v2\/posts\/186717","targetHints":{"allow":["GET"]}}],"collection":[{"href":"https:\/\/archive.sana.sy\/tr\/index.php?rest_route=\/wp\/v2\/posts"}],"about":[{"href":"https:\/\/archive.sana.sy\/tr\/index.php?rest_route=\/wp\/v2\/types\/post"}],"author":[{"embeddable":true,"href":"https:\/\/archive.sana.sy\/tr\/index.php?rest_route=\/wp\/v2\/users\/1"}],"replies":[{"embeddable":true,"href":"https:\/\/archive.sana.sy\/tr\/index.php?rest_route=%2Fwp%2Fv2%2Fcomments&post=186717"}],"version-history":[{"count":0,"href":"https:\/\/archive.sana.sy\/tr\/index.php?rest_route=\/wp\/v2\/posts\/186717\/revisions"}],"wp:featuredmedia":[{"embeddable":true,"href":"https:\/\/archive.sana.sy\/tr\/index.php?rest_route=\/wp\/v2\/media\/186719"}],"wp:attachment":[{"href":"https:\/\/archive.sana.sy\/tr\/index.php?rest_route=%2Fwp%2Fv2%2Fmedia&parent=186717"}],"wp:term":[{"taxonomy":"category","embeddable":true,"href":"https:\/\/archive.sana.sy\/tr\/index.php?rest_route=%2Fwp%2Fv2%2Fcategories&post=186717"},{"taxonomy":"post_tag","embeddable":true,"href":"https:\/\/archive.sana.sy\/tr\/index.php?rest_route=%2Fwp%2Fv2%2Ftags&post=186717"}],"curies":[{"name":"wp","href":"https:\/\/api.w.org\/{rel}","templated":true}]}}