{"id":186818,"date":"2019-07-24T13:00:06","date_gmt":"2019-07-24T10:00:06","guid":{"rendered":"http:\/\/www.sana.sy\/tr\/?p=186818"},"modified":"2019-07-25T16:36:17","modified_gmt":"2019-07-25T13:36:17","slug":"genc-sinemacilara-destek-sezonu-basladi","status":"publish","type":"post","link":"https:\/\/archive.sana.sy\/tr\/?p=186818","title":{"rendered":"Gen\u00e7 Sinemac\u0131lara Destek Sezonu Ba\u015flad\u0131"},"content":{"rendered":"<p>\u015eAM \u2013 Sinema Kamu Kurumu \u00f6n\u00fcm\u00fczdeki y\u0131l i\u00e7inde gen\u00e7 sinemac\u0131lara destek projesinin 9. Sezonunu ba\u015flatt\u0131\u011f\u0131n\u0131 ilan etti.<\/p>\n<p>Kurum yay\u0131nlad\u0131\u011f\u0131 beyanda sezonda yer alacak film senaryolar\u0131 ba\u015fvurular\u0131n\u0131n ba\u015flad\u0131\u011f\u0131n\u0131 a\u00e7\u0131klarken, projeye kat\u0131lacak filmlerde aranan ko\u015ful ve \u00f6zelliklere dikkat \u00e7ekti.<\/p>\n","protected":false},"excerpt":{"rendered":"<p>\u015eAM \u2013 Sinema Kamu Kurumu \u00f6n\u00fcm\u00fczdeki y\u0131l i\u00e7inde gen\u00e7 sinemac\u0131lara destek projesinin 9. Sezonunu ba\u015flatt\u0131\u011f\u0131n\u0131 ilan etti. Kurum yay\u0131nlad\u0131\u011f\u0131 beyanda sezonda yer alacak film senaryolar\u0131 ba\u015fvurular\u0131n\u0131n ba\u015flad\u0131\u011f\u0131n\u0131 a\u00e7\u0131klarken, projeye kat\u0131lacak filmlerde aranan ko\u015ful ve \u00f6zelliklere dikkat \u00e7ekti.<\/p>\n","protected":false},"author":1,"featured_media":186819,"comment_status":"closed","ping_status":"closed","sticky":false,"template":"","format":"standard","meta":{"footnotes":""},"categories":[516,511,17988],"tags":[],"class_list":["post-186818","post","type-post","status-publish","format-standard","has-post-thumbnail","","category-haberler-kultur-ve-sanat","category-kultur-ve-sanat","category-son-haberler"],"_links":{"self":[{"href":"https:\/\/archive.sana.sy\/tr\/index.php?rest_route=\/wp\/v2\/posts\/186818","targetHints":{"allow":["GET"]}}],"collection":[{"href":"https:\/\/archive.sana.sy\/tr\/index.php?rest_route=\/wp\/v2\/posts"}],"about":[{"href":"https:\/\/archive.sana.sy\/tr\/index.php?rest_route=\/wp\/v2\/types\/post"}],"author":[{"embeddable":true,"href":"https:\/\/archive.sana.sy\/tr\/index.php?rest_route=\/wp\/v2\/users\/1"}],"replies":[{"embeddable":true,"href":"https:\/\/archive.sana.sy\/tr\/index.php?rest_route=%2Fwp%2Fv2%2Fcomments&post=186818"}],"version-history":[{"count":0,"href":"https:\/\/archive.sana.sy\/tr\/index.php?rest_route=\/wp\/v2\/posts\/186818\/revisions"}],"wp:featuredmedia":[{"embeddable":true,"href":"https:\/\/archive.sana.sy\/tr\/index.php?rest_route=\/wp\/v2\/media\/186819"}],"wp:attachment":[{"href":"https:\/\/archive.sana.sy\/tr\/index.php?rest_route=%2Fwp%2Fv2%2Fmedia&parent=186818"}],"wp:term":[{"taxonomy":"category","embeddable":true,"href":"https:\/\/archive.sana.sy\/tr\/index.php?rest_route=%2Fwp%2Fv2%2Fcategories&post=186818"},{"taxonomy":"post_tag","embeddable":true,"href":"https:\/\/archive.sana.sy\/tr\/index.php?rest_route=%2Fwp%2Fv2%2Ftags&post=186818"}],"curies":[{"name":"wp","href":"https:\/\/api.w.org\/{rel}","templated":true}]}}