{"id":186831,"date":"2019-07-24T12:00:30","date_gmt":"2019-07-24T09:00:30","guid":{"rendered":"http:\/\/www.sana.sy\/tr\/?p=186831"},"modified":"2019-07-25T16:36:12","modified_gmt":"2019-07-25T13:36:12","slug":"acik-bir-suc-ve-saldiridir","status":"publish","type":"post","link":"https:\/\/archive.sana.sy\/tr\/?p=186831","title":{"rendered":"A\u00e7\u0131k Bir Su\u00e7 ve Sald\u0131r\u0131d\u0131r"},"content":{"rendered":"<p>PRAG \u2013 \u00c7ek Cumhuriyeti Parlamentosu Ba\u015fkan Yard\u0131mc\u0131s\u0131 Wojciech Philippe bir k\u0131s\u0131m devletlerin Suriye ve halk\u0131na y\u00f6nelik sava\u015fta oynad\u0131klar\u0131 rol\u00fcn insanl\u0131k, bar\u0131\u015f ve uluslararas\u0131 kanunlara kar\u015f\u0131 a\u00e7\u0131k bir su\u00e7 ve sald\u0131r\u0131 niteli\u011finde oldu\u011funu belirtti.<\/p>\n<p>Philippe twett hesab\u0131nda payla\u015ft\u0131\u011f\u0131 twette \u0130ngiltere ba\u015fta olmak \u00fczere bu devletlerin Suriye, Irak, Libya ve daha ba\u015fka devletlere kar\u015f\u0131 dolayl\u0131 olarak askeri sald\u0131r\u0131larda bulunduklar\u0131n\u0131 ifade etti.<\/p>\n","protected":false},"excerpt":{"rendered":"<p>PRAG \u2013 \u00c7ek Cumhuriyeti Parlamentosu Ba\u015fkan Yard\u0131mc\u0131s\u0131 Wojciech Philippe bir k\u0131s\u0131m devletlerin Suriye ve halk\u0131na y\u00f6nelik sava\u015fta oynad\u0131klar\u0131 rol\u00fcn insanl\u0131k, bar\u0131\u015f ve uluslararas\u0131 kanunlara kar\u015f\u0131 a\u00e7\u0131k bir su\u00e7 ve sald\u0131r\u0131 niteli\u011finde oldu\u011funu belirtti. Philippe twett hesab\u0131nda payla\u015ft\u0131\u011f\u0131 twette \u0130ngiltere ba\u015fta olmak \u00fczere bu devletlerin Suriye, Irak, Libya ve daha ba\u015fka devletlere kar\u015f\u0131 dolayl\u0131 olarak askeri &hellip;<\/p>\n","protected":false},"author":1,"featured_media":186833,"comment_status":"closed","ping_status":"closed","sticky":false,"template":"","format":"standard","meta":{"footnotes":""},"categories":[458,459,17988],"tags":[],"class_list":["post-186831","post","type-post","status-publish","format-standard","has-post-thumbnail","","category-dunya1","category-haberler-arap-uluslararasi-politika","category-son-haberler"],"_links":{"self":[{"href":"https:\/\/archive.sana.sy\/tr\/index.php?rest_route=\/wp\/v2\/posts\/186831","targetHints":{"allow":["GET"]}}],"collection":[{"href":"https:\/\/archive.sana.sy\/tr\/index.php?rest_route=\/wp\/v2\/posts"}],"about":[{"href":"https:\/\/archive.sana.sy\/tr\/index.php?rest_route=\/wp\/v2\/types\/post"}],"author":[{"embeddable":true,"href":"https:\/\/archive.sana.sy\/tr\/index.php?rest_route=\/wp\/v2\/users\/1"}],"replies":[{"embeddable":true,"href":"https:\/\/archive.sana.sy\/tr\/index.php?rest_route=%2Fwp%2Fv2%2Fcomments&post=186831"}],"version-history":[{"count":0,"href":"https:\/\/archive.sana.sy\/tr\/index.php?rest_route=\/wp\/v2\/posts\/186831\/revisions"}],"wp:featuredmedia":[{"embeddable":true,"href":"https:\/\/archive.sana.sy\/tr\/index.php?rest_route=\/wp\/v2\/media\/186833"}],"wp:attachment":[{"href":"https:\/\/archive.sana.sy\/tr\/index.php?rest_route=%2Fwp%2Fv2%2Fmedia&parent=186831"}],"wp:term":[{"taxonomy":"category","embeddable":true,"href":"https:\/\/archive.sana.sy\/tr\/index.php?rest_route=%2Fwp%2Fv2%2Fcategories&post=186831"},{"taxonomy":"post_tag","embeddable":true,"href":"https:\/\/archive.sana.sy\/tr\/index.php?rest_route=%2Fwp%2Fv2%2Ftags&post=186831"}],"curies":[{"name":"wp","href":"https:\/\/api.w.org\/{rel}","templated":true}]}}