{"id":186866,"date":"2019-07-24T22:42:14","date_gmt":"2019-07-24T19:42:14","guid":{"rendered":"http:\/\/www.sana.sy\/tr\/?p=186866"},"modified":"2019-07-26T16:02:49","modified_gmt":"2019-07-26T13:02:49","slug":"suriyedeki-krizin-cozumu-terorun-ortadan-kaldirilmasi-tehcir-edilenlerin-geri-donusu-ve-yeniden-imar-ile-olur","status":"publish","type":"post","link":"https:\/\/archive.sana.sy\/tr\/?p=186866","title":{"rendered":"Suriye&#8217;deki Krizin \u00c7\u00f6z\u00fcm\u00fc Ter\u00f6r\u00fcn Ortadan Kald\u0131r\u0131lmas\u0131, Tehcir Edilenlerin Geri D\u00f6n\u00fc\u015f\u00fc ve Yeniden \u0130mar \u0130le Olur"},"content":{"rendered":"<p style=\"text-align: justify;\">\u015eAM \u2013 Tehcir edilen Suriyelilerin Geri D\u00f6n\u00fc\u015f\u00fc \u0130\u00e7in Suriye-Rusya Ortak Koordinasyon Komiteleri, Suriye&#8217;deki krizin tek \u00e7\u00f6z\u00fcm\u00fcn\u00fcn, uluslararas\u0131 ter\u00f6r art\u0131klar\u0131n\u0131n ortadan kald\u0131r\u0131lmas\u0131, \u00fclkede illegal \u015fekilde bulunan yabanc\u0131 g\u00fc\u00e7lerin \u00e7ekilmesi, ter\u00f6r sebebiyle tehcir edilenlerin kurtar\u0131lm\u0131\u015f b\u00f6lgelerine geri d\u00f6n\u00fc\u015f\u00fc, ulusal egemenli\u011fe sayg\u0131 ve \u00fclkenin yeniden imar\u0131na \u00e7al\u0131\u015fma yollar\u0131yla olaca\u011f\u0131n\u0131 belirtti.<\/p>\n<p style=\"text-align: justify;\"><a href=\"http:\/\/www.sana.sy\/tr\/wp-content\/uploads\/2019\/07\/22.jpg\"><img loading=\"lazy\" decoding=\"async\" class=\"alignright size-medium wp-image-186868\" src=\"http:\/\/www.sana.sy\/tr\/wp-content\/uploads\/2019\/07\/22-300x200.jpg\" alt=\"\" width=\"300\" height=\"200\" srcset=\"https:\/\/archive.sana.sy\/tr\/wp-content\/uploads\/2019\/07\/22-300x200.jpg 300w, https:\/\/archive.sana.sy\/tr\/wp-content\/uploads\/2019\/07\/22-150x100.jpg 150w, https:\/\/archive.sana.sy\/tr\/wp-content\/uploads\/2019\/07\/22-768x512.jpg 768w, https:\/\/archive.sana.sy\/tr\/wp-content\/uploads\/2019\/07\/22-1024x683.jpg 1024w\" sizes=\"auto, (max-width: 300px) 100vw, 300px\" \/><\/a>Bug\u00fcn \u015eam&#8217;da d\u00fczenlenen ortak tolant\u0131 sonras\u0131nda yay\u0131nlanan beyanda Komiteler, Washington ve m\u00fcttefiklerinin ter\u00f6r sebebiyle tehcir olan ve kom\u015fu \u00fclkelerde bulunan Suriyelilerin vatanlar\u0131na geri d\u00f6n\u00fc\u015f\u00fc \u00f6n\u00fcnde engeller koymaya devam ettiklerini vurgulad\u0131.<\/p>\n<p style=\"text-align: justify;\">Beyan Suriye topralar\u0131ndaki illegal Amerikan varl\u0131\u011f\u0131n\u0131n i\u015fgal etti\u011fib\u00f6lgelerdeki istikrars\u0131zl\u0131\u011f\u0131n ba\u015f sebebi oldu\u011funu vurgulayarak, Rukban kamp\u0131ndan tehcir edilen Suriyelilerin \u00e7\u0131kar\u0131lmas\u0131 i\u00e7in Suriye K\u0131z\u0131lay&#8217;\u0131 temsilcileriyle i\u015fbirli\u011finde plan koyulmas\u0131 \u00e7abalar\u0131na s\u0131cak bakt\u0131.<\/p>\n<p style=\"text-align: justify;\">Beyan, Suriye devletiyle Suriye Arap K\u0131z\u0131lay&#8217;\u0131 aras\u0131ndaki i\u015fbirli\u011fi sayesinde Rukban kamp\u0131ndan \u00e7\u0131kar\u0131lan ve \u00e7\u0131kar\u0131lanlar\u0131 kar\u015f\u0131lamak i\u00e7in yap\u0131lan d\u00fczenlemelere dikkat \u00e7ekerek Suriye devletinin Homs \u015fehrinde ge\u00e7ici ikamet yerleri haz\u0131rlad\u0131\u011f\u0131n\u0131 s\u00f6yledi.<\/p>\n<p style=\"text-align: justify;\"><a href=\"http:\/\/www.sana.sy\/tr\/wp-content\/uploads\/2019\/07\/23-1.jpg\"><img loading=\"lazy\" decoding=\"async\" class=\"alignright size-medium wp-image-186869\" src=\"http:\/\/www.sana.sy\/tr\/wp-content\/uploads\/2019\/07\/23-1-300x200.jpg\" alt=\"\" width=\"300\" height=\"200\" srcset=\"https:\/\/archive.sana.sy\/tr\/wp-content\/uploads\/2019\/07\/23-1-300x200.jpg 300w, https:\/\/archive.sana.sy\/tr\/wp-content\/uploads\/2019\/07\/23-1-150x100.jpg 150w, https:\/\/archive.sana.sy\/tr\/wp-content\/uploads\/2019\/07\/23-1-768x512.jpg 768w, https:\/\/archive.sana.sy\/tr\/wp-content\/uploads\/2019\/07\/23-1-1024x683.jpg 1024w\" sizes=\"auto, (max-width: 300px) 100vw, 300px\" \/><\/a>Beyana g\u00f6re, iki komitenin ortak \u00e7abalar\u0131 sayesinde yerinden edilmi\u015f geri d\u00f6nenlerin say\u0131s\u0131n\u0131n \u00dcrd\u00fcn-Suriye s\u0131n\u0131r\u0131nda s\u00fcrekli olarak artt\u0131\u011f\u0131n\u0131, L\u00fcbnan topraklar\u0131ndan geri d\u00f6nenlerin say\u0131s\u0131ndaki s\u00fcrekli art\u0131\u015f\u0131n da, Suriye devleti taraf\u0131ndan \u00fclkede bar\u0131\u015f\u00e7\u0131l bir ya\u015fam sa\u011flamak i\u00e7in al\u0131nan \u00f6nlemlerin etkinli\u011fini do\u011frulad\u0131\u011f\u0131n\u0131 dile getirdi.<\/p>\n<p style=\"text-align: justify;\">Komiteler beyanlar\u0131nda &#8220;Rukban ve el Hol kamplar\u0131ndaki insani durumun s\u00fcrekli olarak k\u00f6t\u00fcye gitmesi konusundaki derin kayg\u0131lar\u0131n\u0131 dile getirerek, &#8220;sorunlar\u0131n ABD\u2019nin i\u015fgal etti\u011fi b\u00f6lgelerde s\u00fcrd\u00fc\u011f\u00fcn\u00fc&#8221; belirtti.<\/p>\n<p style=\"text-align: justify;\">Komiteler Uluslararas\u0131 toplumdan, &#8220;Suriye&#8217;ye insani yard\u0131mlar\u0131n geli\u015fini ve finansal transferlerin uygulanmas\u0131n\u0131 engelleyen ve t\u0131bbi te\u00e7hizatlara eri\u015fimi engelleyen tek tarafl\u0131 Bat\u0131 yapt\u0131r\u0131mlar\u0131n\u0131 kald\u0131rmaya \u00e7a\u011f\u0131rarak, bunun \u00fclkedeki akaryak\u0131t krizinin ana nedeni oldu\u011funu dile getirdi.<\/p>\n<p>\u00c7eviri: S.\u015eahut<\/p>\n","protected":false},"excerpt":{"rendered":"<p>\u015eAM \u2013 Tehcir edilen Suriyelilerin Geri D\u00f6n\u00fc\u015f\u00fc \u0130\u00e7in Suriye-Rusya Ortak Koordinasyon Komiteleri, Suriye&#8217;deki krizin tek \u00e7\u00f6z\u00fcm\u00fcn\u00fcn, uluslararas\u0131 ter\u00f6r art\u0131klar\u0131n\u0131n ortadan kald\u0131r\u0131lmas\u0131, \u00fclkede illegal \u015fekilde bulunan yabanc\u0131 g\u00fc\u00e7lerin \u00e7ekilmesi, ter\u00f6r sebebiyle tehcir edilenlerin kurtar\u0131lm\u0131\u015f b\u00f6lgelerine geri d\u00f6n\u00fc\u015f\u00fc, ulusal egemenli\u011fe sayg\u0131 ve \u00fclkenin yeniden imar\u0131na \u00e7al\u0131\u015fma yollar\u0131yla olaca\u011f\u0131n\u0131 belirtti. Bug\u00fcn \u015eam&#8217;da d\u00fczenlenen ortak tolant\u0131 sonras\u0131nda yay\u0131nlanan beyanda &hellip;<\/p>\n","protected":false},"author":1,"featured_media":186867,"comment_status":"closed","ping_status":"closed","sticky":false,"template":"","format":"standard","meta":{"footnotes":""},"categories":[479,17988,478],"tags":[],"class_list":["post-186866","post","type-post","status-publish","format-standard","has-post-thumbnail","","category-haberler-yerel","category-son-haberler","category-yerel"],"_links":{"self":[{"href":"https:\/\/archive.sana.sy\/tr\/index.php?rest_route=\/wp\/v2\/posts\/186866","targetHints":{"allow":["GET"]}}],"collection":[{"href":"https:\/\/archive.sana.sy\/tr\/index.php?rest_route=\/wp\/v2\/posts"}],"about":[{"href":"https:\/\/archive.sana.sy\/tr\/index.php?rest_route=\/wp\/v2\/types\/post"}],"author":[{"embeddable":true,"href":"https:\/\/archive.sana.sy\/tr\/index.php?rest_route=\/wp\/v2\/users\/1"}],"replies":[{"embeddable":true,"href":"https:\/\/archive.sana.sy\/tr\/index.php?rest_route=%2Fwp%2Fv2%2Fcomments&post=186866"}],"version-history":[{"count":0,"href":"https:\/\/archive.sana.sy\/tr\/index.php?rest_route=\/wp\/v2\/posts\/186866\/revisions"}],"wp:featuredmedia":[{"embeddable":true,"href":"https:\/\/archive.sana.sy\/tr\/index.php?rest_route=\/wp\/v2\/media\/186867"}],"wp:attachment":[{"href":"https:\/\/archive.sana.sy\/tr\/index.php?rest_route=%2Fwp%2Fv2%2Fmedia&parent=186866"}],"wp:term":[{"taxonomy":"category","embeddable":true,"href":"https:\/\/archive.sana.sy\/tr\/index.php?rest_route=%2Fwp%2Fv2%2Fcategories&post=186866"},{"taxonomy":"post_tag","embeddable":true,"href":"https:\/\/archive.sana.sy\/tr\/index.php?rest_route=%2Fwp%2Fv2%2Ftags&post=186866"}],"curies":[{"name":"wp","href":"https:\/\/api.w.org\/{rel}","templated":true}]}}